{"id":620,"date":"2024-09-04T13:48:00","date_gmt":"2024-09-04T11:48:00","guid":{"rendered":"http:\/\/nasze-projekty.pl\/?p=620"},"modified":"2025-08-21T14:32:52","modified_gmt":"2025-08-21T12:32:52","slug":"rekrutacja-i-wyniki","status":"publish","type":"post","link":"http:\/\/nasze-projekty.pl\/?p=620","title":{"rendered":"Rekrutacja i wyniki"},"content":{"rendered":"\t\t<div data-elementor-type=\"wp-post\" data-elementor-id=\"620\" class=\"elementor elementor-620\">\n\t\t\t\t\t\t<section class=\"elementor-section elementor-top-section elementor-element elementor-element-bf26780 elementor-section-boxed elementor-section-height-default elementor-section-height-default wpr-particle-no wpr-jarallax-no wpr-parallax-no wpr-sticky-section-no\" data-id=\"bf26780\" data-element_type=\"section\" data-e-type=\"section\">\n\t\t\t\t\t\t<div class=\"elementor-container elementor-column-gap-default\">\n\t\t\t\t\t<div class=\"elementor-column elementor-col-50 elementor-top-column elementor-element elementor-element-55990ea\" data-id=\"55990ea\" data-element_type=\"column\" data-e-type=\"column\">\n\t\t\t<div class=\"elementor-widget-wrap elementor-element-populated\">\n\t\t\t\t\t\t<div class=\"elementor-element elementor-element-55bd38a elementor-widget elementor-widget-image\" data-id=\"55bd38a\" data-element_type=\"widget\" data-e-type=\"widget\" data-widget_type=\"image.default\">\n\t\t\t\t<div class=\"elementor-widget-container\">\n\t\t\t\t\t\t\t\t\t\t\t\t\t\t\t\t<a href=\"http:\/\/nasze-projekty.pl\/wp-content\/uploads\/2025\/08\/PLAKAT-REKRUTACJA-2024-1-PL01-KA122-SCH-000208840.jpg\" data-elementor-open-lightbox=\"yes\" data-elementor-lightbox-title=\"PLAKAT REKRUTACJA 2024-1-PL01-KA122-SCH-000208840\" data-e-action-hash=\"#elementor-action%3Aaction%3Dlightbox%26settings%3DeyJpZCI6NjIxLCJ1cmwiOiJodHRwOlwvXC9uYXN6ZS1wcm9qZWt0eS5wbFwvd3AtY29udGVudFwvdXBsb2Fkc1wvMjAyNVwvMDhcL1BMQUtBVC1SRUtSVVRBQ0pBLTIwMjQtMS1QTDAxLUtBMTIyLVNDSC0wMDAyMDg4NDAuanBnIn0%3D\">\n\t\t\t\t\t\t\t<img fetchpriority=\"high\" decoding=\"async\" width=\"724\" height=\"1024\" src=\"http:\/\/nasze-projekty.pl\/wp-content\/uploads\/2025\/08\/PLAKAT-REKRUTACJA-2024-1-PL01-KA122-SCH-000208840-724x1024.jpg\" class=\"attachment-large size-large wp-image-621\" alt=\"\" srcset=\"http:\/\/nasze-projekty.pl\/wp-content\/uploads\/2025\/08\/PLAKAT-REKRUTACJA-2024-1-PL01-KA122-SCH-000208840-724x1024.jpg 724w, http:\/\/nasze-projekty.pl\/wp-content\/uploads\/2025\/08\/PLAKAT-REKRUTACJA-2024-1-PL01-KA122-SCH-000208840-212x300.jpg 212w, http:\/\/nasze-projekty.pl\/wp-content\/uploads\/2025\/08\/PLAKAT-REKRUTACJA-2024-1-PL01-KA122-SCH-000208840-768x1086.jpg 768w, http:\/\/nasze-projekty.pl\/wp-content\/uploads\/2025\/08\/PLAKAT-REKRUTACJA-2024-1-PL01-KA122-SCH-000208840.jpg 794w\" sizes=\"(max-width: 724px) 100vw, 724px\" \/>\t\t\t\t\t\t\t\t<\/a>\n\t\t\t\t\t\t\t\t\t\t\t\t\t\t\t<\/div>\n\t\t\t\t<\/div>\n\t\t\t\t\t<\/div>\n\t\t<\/div>\n\t\t\t\t<div class=\"elementor-column elementor-col-50 elementor-top-column elementor-element elementor-element-66e3d6b\" data-id=\"66e3d6b\" data-element_type=\"column\" data-e-type=\"column\">\n\t\t\t<div class=\"elementor-widget-wrap elementor-element-populated\">\n\t\t\t\t\t\t<div class=\"elementor-element elementor-element-8ba8518 elementor-widget elementor-widget-text-editor\" data-id=\"8ba8518\" data-element_type=\"widget\" data-e-type=\"widget\" data-widget_type=\"text-editor.default\">\n\t\t\t\t<div class=\"elementor-widget-container\">\n\t\t\t\t\t\t\t\t\t<h2 id=\"news_DFHeading_1-851cd04fbcac9538616f1d147d7930db87b8750d\" class=\"skgd skgdli-news_ListItem_1-news_DFHeading_1\" data-sgid=\"news_DFHeading_1-851cd04fbcac9538616f1d147d7930db87b8750d\">Rekrutacja &#8211; Erasmus+<\/h2><div id=\"news_DFHtml_1-851cd04fbcac9538616f1d147d7930db87b8750d\" class=\"skgd skgdli-news_ListItem_1-news_DFHtml_1 skgdFullTextFull\" data-sgid=\"news_DFHtml_1-851cd04fbcac9538616f1d147d7930db87b8750d\"><div class=\"plainText\"><div class=\"erte erte-main\" data-id=\"rtew1\"><div class=\"erte erte-section\" data-id=\"rtew2\"><div class=\"erte-section-inner\"><div class=\"erte erte-columns\" data-id=\"rtew3\"><div class=\"erte erte-col erte-cell\" data-id=\"rtew4\"><div class=\"erte erte-text erte-content\" data-id=\"rtew7\"><div class=\"erte-text-inner\"><p>Og\u0142aszamy rekrutacj\u0119 dla uczni\u00f3w klas VII &#8211; VIII do\u00a0udzia\u0142u w projekcie\u00a0finansowanym z\u00a0funduszy Erasmus+. We\u017amie w nim udzia\u0142 25\u00a0uczni\u00f3w, kt\u00f3rzy\u00a0zrealizuj\u0105 program edukacyjny w Grecji. Rekrutacja potrwa do\u00a0pi\u0105tku13.09.2024. Kart\u0119 zg\u0142oszeniow\u0105, instrukcj\u0119 jej wype\u0142niania oraz\u00a0regulamin rekrutacji i\u00a0ramowy program mobilno\u015bci znajdziecie w zak\u0142adce\u00a0&#8222;Dokumenty&#8221; na\u00a0stronie szko\u0142y<\/p><p>(<a href=\"https:\/\/spbakow.edupage.org\/a\/dokumenty\">https:\/\/spbakow.edupage.org\/a\/dokumenty<\/a>).<\/p><p>Powodzenia!<\/p><\/div><\/div><\/div><\/div><\/div><\/div><\/div><\/div><\/div>\t\t\t\t\t\t\t\t<\/div>\n\t\t\t\t<\/div>\n\t\t\t\t\t<\/div>\n\t\t<\/div>\n\t\t\t\t\t<\/div>\n\t\t<\/section>\n\t\t\t\t<section class=\"elementor-section elementor-top-section elementor-element elementor-element-eb10975 elementor-section-boxed elementor-section-height-default elementor-section-height-default wpr-particle-no wpr-jarallax-no wpr-parallax-no wpr-sticky-section-no\" data-id=\"eb10975\" data-element_type=\"section\" data-e-type=\"section\">\n\t\t\t\t\t\t<div class=\"elementor-container elementor-column-gap-default\">\n\t\t\t\t\t<div class=\"elementor-column elementor-col-100 elementor-top-column elementor-element elementor-element-07d8ae2\" data-id=\"07d8ae2\" data-element_type=\"column\" data-e-type=\"column\">\n\t\t\t<div class=\"elementor-widget-wrap elementor-element-populated\">\n\t\t\t\t\t\t<div class=\"elementor-element elementor-element-547c6a1 elementor-widget elementor-widget-text-editor\" data-id=\"547c6a1\" data-element_type=\"widget\" data-e-type=\"widget\" data-widget_type=\"text-editor.default\">\n\t\t\t\t<div class=\"elementor-widget-container\">\n\t\t\t\t\t\t\t\t\t<h2 id=\"news_DFHeading_1-4af7f9edc0f545f4de769f2e9e763df919915cab\" class=\"skgd skgdli-news_ListItem_1-news_DFHeading_1\" data-sgid=\"news_DFHeading_1-4af7f9edc0f545f4de769f2e9e763df919915cab\">Erasmus +<\/h2><div id=\"news_DFHtml_1-4af7f9edc0f545f4de769f2e9e763df919915cab\" class=\"skgd skgdli-news_ListItem_1-news_DFHtml_1 skgdFullTextFull\" data-sgid=\"news_DFHtml_1-4af7f9edc0f545f4de769f2e9e763df919915cab\"><div class=\"plainText\"><div class=\"erte erte-main\" data-id=\"rtew1\"><div class=\"erte erte-section\" data-id=\"rtew2\"><div class=\"erte-section-inner\"><div class=\"erte erte-columns\" data-id=\"rtew3\"><div class=\"erte erte-col erte-cell\" data-id=\"rtew4\"><div class=\"erte erte-text erte-content\" data-id=\"rtew5\"><div class=\"erte-text-inner\"><h3><strong>Og\u0142oszenie o\u00a0rekrutacji uzupe\u0142niaj\u0105cej<\/strong><\/h3><p>\u00a0<\/p><p>B\u0105k\u00f3w, 13.09.2024<\/p><p>\u00a0<\/p><p><strong>Og\u0142oszenie o\u00a0rekrutacji uzupe\u0142niaj\u0105cej<\/strong><\/p><p>\u00a0<\/p><p><strong>Do projektu<\/strong><\/p><p>\u201eUczniowie i\u00a0nauczyciele z\u00a0SP w B\u0105kowie G\u00f3rnym odkrywaj\u0105<\/p><p>kultur\u0119 i\u00a0przyrod\u0119 w Grecji wzmacniaj\u0105c swoje kompetencje<\/p><p>i poznaj\u0105c atrakcyjne, nowoczesne formy nauki.\u201d<\/p><p>\u00a0<\/p><p>nr 2024-1-PL01-KA122-SCH-000208840<br \/>\u00a0<\/p><p>Projekt finansowany ze\u00a0\u015brodk\u00f3w Unii Europejskiej.<\/p><p>\u00a0<\/p><ol><li>Ze wzgl\u0119du na\u00a0brak listy rezerwowej oraz rezygnacj\u0119 niekt\u00f3rych uczni\u00f3w z\u00a0g\u0142\u00f3wnej listy pierwszego naboru do\u00a0programu mobilno\u015bci, Komisja Rekrutacyjna, po\u00a0konsultacji z\u00a0Dyrektorem Szko\u0142y, podj\u0119\u0142a decyzj\u0119 o\u00a0uruchomieniu dodatkowej procedury rekrutacji uzupe\u0142niaj\u0105cej.<\/li><li>Celem tej procedury jest uzupe\u0142nienie wakat\u00f3w i\u00a0zapewnienie, \u017ce wszyscy zainteresowani uczniowie b\u0119d\u0105 mieli mo\u017cliwo\u015b\u0107 udzia\u0142u w programie. Decyzja ta zosta\u0142a podj\u0119ta, aby zoptymalizowa\u0107 proces naboru i\u00a0da\u0107 szans\u0119 wi\u0119kszej liczbie uczni\u00f3w na\u00a0skorzystanie z\u00a0dost\u0119pnych miejsc w ramach projektu.<\/li><li>Rekrutacja uzupe\u0142niaj\u0105ca kierowana jest do\u00a0uczni\u00f3w klas VI realizuj\u0105cych kszta\u0142cenie w Szkole Podstawowej im. Janusza Korczaka w B\u0105kowie G\u00f3rnym, ul. B\u0105k\u00f3w G\u00f3rny 123, 99-400 Zduny<\/li><li>Rekrutacja uzupe\u0142niaj\u0105ca prowadzona jest w terminie od\u00a013.09.2024 do\u00a017.09.2024.<\/li><li>Rekrutacja uzupe\u0142niaj\u0105ca prowadzona jest na\u00a0zasadach okre\u015blony w regulaminie rekrutacji z\u00a0dnia 06.09.2024.<\/li><li>Harmonogram nowego naboru:<\/li><\/ol><ul><li>Sk\u0142adanie dokument\u00f3w rekrutacyjnych: 13.09 \u2013 17.09.2024 do\u00a0godziny 12:00 do\u00a0Koordynatora Projektu, Pana Marcina W\u00f3jcika.<\/li><li>Og\u0142oszenie wst\u0119pnej listy zakwalifikowanych uczestnik\u00f3w 18.09.2024<\/li><li>Czas na\u00a0sk\u0142adanie odwo\u0142a\u0144 od\u00a0decyzji Komisji wynosi jeden dzie\u0144 roboczy, po\u00a0czym nast\u0105pi publikacja listy ostatecznej<\/li><\/ul><ol><li>W przypadku zmian spowodowanych oddzia\u0142ywaniem po\u015brednim, b\u0105d\u017a bezpo\u015brednim na\u00a0dzia\u0142ania projektowe, Szko\u0142a b\u0119dzie na\u00a0bie\u017c\u0105co przekazywa\u0107 informacje o\u00a0ewentualnych aktualizacjach.\u00a0<\/li><li>W przypadkach nieuregulowanych niniejszym Regulaminem, decyzje podejmuje koordynator projektu z\u00a0ramienia organizacji wysy\u0142aj\u0105cej w porozumieniu z\u00a0Komisj\u0105 Rekrutacyjn\u0105.<\/li><\/ol><\/div><\/div><\/div><\/div><\/div><\/div><\/div><\/div><\/div>\t\t\t\t\t\t\t\t<\/div>\n\t\t\t\t<\/div>\n\t\t\t\t<div class=\"elementor-element elementor-element-0bba8e5 elementor-widget elementor-widget-text-editor\" data-id=\"0bba8e5\" data-element_type=\"widget\" data-e-type=\"widget\" data-widget_type=\"text-editor.default\">\n\t\t\t\t<div class=\"elementor-widget-container\">\n\t\t\t\t\t\t\t\t\t<h2 id=\"news_DFHeading_1-4af7f9edc0f545f4de769f2e9e763df919915cab\" class=\"skgd skgdli-news_ListItem_1-news_DFHeading_1\" data-sgid=\"news_DFHeading_1-4af7f9edc0f545f4de769f2e9e763df919915cab\">Erasmus +<\/h2><div id=\"news_DFHtml_1-4af7f9edc0f545f4de769f2e9e763df919915cab\" class=\"skgd skgdli-news_ListItem_1-news_DFHtml_1 skgdFullTextFull\" data-sgid=\"news_DFHtml_1-4af7f9edc0f545f4de769f2e9e763df919915cab\"><div class=\"plainText\"><div class=\"erte erte-main\" data-id=\"rtew1\"><div class=\"erte erte-section\" data-id=\"rtew2\"><div class=\"erte-section-inner\"><div class=\"erte erte-columns\" data-id=\"rtew3\"><div class=\"erte erte-col erte-cell\" data-id=\"rtew4\"><div class=\"erte erte-text erte-content\" data-id=\"rtew5\"><div class=\"erte-text-inner\"><h2 id=\"news_DFHeading_1-3464dc11507c600bbff7daec3d6fb71402063a5f\" class=\"skgd skgdli-news_ListItem_1-news_DFHeading_1\" data-sgid=\"news_DFHeading_1-3464dc11507c600bbff7daec3d6fb71402063a5f\">Wyniki rekrutacji Erasmus +<\/h2><p><a href=\"https:\/\/spbakow.edupage.org\/news\/?eqa=bmV3c2FyY2hpdmVmPTIwMjQtMDk%3D#\" target=\"_blank\" rel=\"noopener\">https:\/\/spbakow.edupage.org\/news\/?eqa=bmV3c2FyY2hpdmVmPTIwMjQtMDk%3D#<\/a><\/p><\/div><\/div><\/div><\/div><\/div><\/div><\/div><\/div><\/div>\t\t\t\t\t\t\t\t<\/div>\n\t\t\t\t<\/div>\n\t\t\t\t\t<\/div>\n\t\t<\/div>\n\t\t\t\t\t<\/div>\n\t\t<\/section>\n\t\t\t\t<\/div>\n\t\t","protected":false},"excerpt":{"rendered":"<p>Rekrutacja &#8211; Erasmus+ Og\u0142aszamy rekrutacj\u0119 dla uczni\u00f3w klas VII &#8211; VIII do\u00a0udzia\u0142u w projekcie\u00a0finansowanym z\u00a0funduszy Erasmus+. We\u017amie w nim udzia\u0142 25\u00a0uczni\u00f3w, kt\u00f3rzy\u00a0zrealizuj\u0105 program edukacyjny w Grecji. Rekrutacja potrwa do\u00a0pi\u0105tku13.09.2024. Kart\u0119 zg\u0142oszeniow\u0105, instrukcj\u0119 jej wype\u0142niania oraz\u00a0regulamin rekrutacji i\u00a0ramowy program mobilno\u015bci znajdziecie w zak\u0142adce\u00a0&#8222;Dokumenty&#8221; na\u00a0stronie szko\u0142y (https:\/\/spbakow.edupage.org\/a\/dokumenty). Powodzenia! Erasmus + Og\u0142oszenie o\u00a0rekrutacji uzupe\u0142niaj\u0105cej \u00a0 B\u0105k\u00f3w, 13.09.2024 \u00a0 Og\u0142oszenie o\u00a0rekrutacji uzupe\u0142niaj\u0105cej \u00a0 Do projektu \u201eUczniowie i\u00a0nauczyciele z\u00a0SP w B\u0105kowie G\u00f3rnym odkrywaj\u0105 kultur\u0119 i\u00a0przyrod\u0119 w Grecji wzmacniaj\u0105c swoje kompetencje i poznaj\u0105c atrakcyjne, nowoczesne formy nauki.\u201d \u00a0 nr 2024-1-PL01-KA122-SCH-000208840\u00a0 Projekt finansowany ze\u00a0\u015brodk\u00f3w Unii Europejskiej. \u00a0 Ze wzgl\u0119du na\u00a0brak listy rezerwowej oraz rezygnacj\u0119 niekt\u00f3rych uczni\u00f3w z\u00a0g\u0142\u00f3wnej listy pierwszego naboru do\u00a0programu mobilno\u015bci, Komisja Rekrutacyjna, po\u00a0konsultacji z\u00a0Dyrektorem Szko\u0142y, podj\u0119\u0142a decyzj\u0119 o\u00a0uruchomieniu dodatkowej procedury rekrutacji uzupe\u0142niaj\u0105cej. Celem tej procedury jest uzupe\u0142nienie wakat\u00f3w i\u00a0zapewnienie, \u017ce wszyscy zainteresowani uczniowie b\u0119d\u0105 mieli mo\u017cliwo\u015b\u0107 udzia\u0142u w programie. Decyzja ta zosta\u0142a podj\u0119ta, aby zoptymalizowa\u0107 proces naboru i\u00a0da\u0107 szans\u0119 wi\u0119kszej liczbie uczni\u00f3w na\u00a0skorzystanie z\u00a0dost\u0119pnych miejsc w ramach projektu. Rekrutacja uzupe\u0142niaj\u0105ca kierowana jest do\u00a0uczni\u00f3w klas VI realizuj\u0105cych kszta\u0142cenie w Szkole Podstawowej im. Janusza Korczaka w B\u0105kowie G\u00f3rnym, ul. B\u0105k\u00f3w G\u00f3rny 123, 99-400 Zduny Rekrutacja uzupe\u0142niaj\u0105ca prowadzona jest w terminie od\u00a013.09.2024 do\u00a017.09.2024. Rekrutacja uzupe\u0142niaj\u0105ca prowadzona jest na\u00a0zasadach okre\u015blony w regulaminie rekrutacji z\u00a0dnia 06.09.2024. Harmonogram nowego naboru: Sk\u0142adanie dokument\u00f3w rekrutacyjnych: 13.09 \u2013 17.09.2024 do\u00a0godziny 12:00 do\u00a0Koordynatora Projektu, Pana Marcina W\u00f3jcika. Og\u0142oszenie wst\u0119pnej listy zakwalifikowanych uczestnik\u00f3w 18.09.2024 Czas na\u00a0sk\u0142adanie odwo\u0142a\u0144 od\u00a0decyzji Komisji wynosi jeden dzie\u0144 roboczy, po\u00a0czym nast\u0105pi publikacja listy ostatecznej W przypadku zmian spowodowanych oddzia\u0142ywaniem po\u015brednim, b\u0105d\u017a bezpo\u015brednim na\u00a0dzia\u0142ania projektowe, Szko\u0142a b\u0119dzie na\u00a0bie\u017c\u0105co przekazywa\u0107 informacje o\u00a0ewentualnych aktualizacjach.\u00a0 W przypadkach nieuregulowanych niniejszym Regulaminem, decyzje podejmuje koordynator projektu z\u00a0ramienia organizacji wysy\u0142aj\u0105cej w porozumieniu z\u00a0Komisj\u0105 Rekrutacyjn\u0105. Erasmus + Wyniki rekrutacji Erasmus + https:\/\/spbakow.edupage.org\/news\/?eqa=bmV3c2FyY2hpdmVmPTIwMjQtMDk%3D#<\/p>\n","protected":false},"author":1,"featured_media":621,"comment_status":"closed","ping_status":"closed","sticky":false,"template":"","format":"standard","meta":{"footnotes":""},"categories":[7],"tags":[],"class_list":["post-620","post","type-post","status-publish","format-standard","has-post-thumbnail","hentry","category-kultura-i-przyroda-grecji"],"_links":{"self":[{"href":"http:\/\/nasze-projekty.pl\/index.php?rest_route=\/wp\/v2\/posts\/620","targetHints":{"allow":["GET"]}}],"collection":[{"href":"http:\/\/nasze-projekty.pl\/index.php?rest_route=\/wp\/v2\/posts"}],"about":[{"href":"http:\/\/nasze-projekty.pl\/index.php?rest_route=\/wp\/v2\/types\/post"}],"author":[{"embeddable":true,"href":"http:\/\/nasze-projekty.pl\/index.php?rest_route=\/wp\/v2\/users\/1"}],"replies":[{"embeddable":true,"href":"http:\/\/nasze-projekty.pl\/index.php?rest_route=%2Fwp%2Fv2%2Fcomments&post=620"}],"version-history":[{"count":4,"href":"http:\/\/nasze-projekty.pl\/index.php?rest_route=\/wp\/v2\/posts\/620\/revisions"}],"predecessor-version":[{"id":626,"href":"http:\/\/nasze-projekty.pl\/index.php?rest_route=\/wp\/v2\/posts\/620\/revisions\/626"}],"wp:featuredmedia":[{"embeddable":true,"href":"http:\/\/nasze-projekty.pl\/index.php?rest_route=\/wp\/v2\/media\/621"}],"wp:attachment":[{"href":"http:\/\/nasze-projekty.pl\/index.php?rest_route=%2Fwp%2Fv2%2Fmedia&parent=620"}],"wp:term":[{"taxonomy":"category","embeddable":true,"href":"http:\/\/nasze-projekty.pl\/index.php?rest_route=%2Fwp%2Fv2%2Fcategories&post=620"},{"taxonomy":"post_tag","embeddable":true,"href":"http:\/\/nasze-projekty.pl\/index.php?rest_route=%2Fwp%2Fv2%2Ftags&post=620"}],"curies":[{"name":"wp","href":"https:\/\/api.w.org\/{rel}","templated":true}]}}