{"id":535,"date":"2024-11-21T12:31:00","date_gmt":"2024-11-21T11:31:00","guid":{"rendered":"http:\/\/nasze-projekty.pl\/?p=535"},"modified":"2025-08-21T14:30:35","modified_gmt":"2025-08-21T12:30:35","slug":"o-projekcie-2","status":"publish","type":"post","link":"http:\/\/nasze-projekty.pl\/?p=535","title":{"rendered":"o Projekcie"},"content":{"rendered":"\t\t<div data-elementor-type=\"wp-post\" data-elementor-id=\"535\" class=\"elementor elementor-535\">\n\t\t\t\t\t\t<section class=\"elementor-section elementor-top-section elementor-element elementor-element-21dec82 elementor-section-boxed elementor-section-height-default elementor-section-height-default wpr-particle-no wpr-jarallax-no wpr-parallax-no wpr-sticky-section-no\" data-id=\"21dec82\" data-element_type=\"section\" data-e-type=\"section\">\n\t\t\t\t\t\t<div class=\"elementor-container elementor-column-gap-default\">\n\t\t\t\t\t<div class=\"elementor-column elementor-col-100 elementor-top-column elementor-element elementor-element-390a173\" data-id=\"390a173\" data-element_type=\"column\" data-e-type=\"column\">\n\t\t\t<div class=\"elementor-widget-wrap elementor-element-populated\">\n\t\t\t\t\t\t<div class=\"elementor-element elementor-element-4884e4c elementor-widget elementor-widget-image\" data-id=\"4884e4c\" data-element_type=\"widget\" data-e-type=\"widget\" data-widget_type=\"image.default\">\n\t\t\t\t<div class=\"elementor-widget-container\">\n\t\t\t\t\t\t\t\t\t\t\t\t\t\t\t<img decoding=\"async\" width=\"300\" height=\"68\" src=\"http:\/\/nasze-projekty.pl\/wp-content\/uploads\/2025\/08\/pl_funded_by_the_eu_rgb_pos-300x68.png\" class=\"attachment-medium size-medium wp-image-527\" alt=\"\" srcset=\"http:\/\/nasze-projekty.pl\/wp-content\/uploads\/2025\/08\/pl_funded_by_the_eu_rgb_pos-300x68.png 300w, http:\/\/nasze-projekty.pl\/wp-content\/uploads\/2025\/08\/pl_funded_by_the_eu_rgb_pos-768x174.png 768w, http:\/\/nasze-projekty.pl\/wp-content\/uploads\/2025\/08\/pl_funded_by_the_eu_rgb_pos.png 1013w\" sizes=\"(max-width: 300px) 100vw, 300px\" \/>\t\t\t\t\t\t\t\t\t\t\t\t\t\t\t<\/div>\n\t\t\t\t<\/div>\n\t\t\t\t<div class=\"elementor-element elementor-element-c038904 elementor-widget elementor-widget-heading\" data-id=\"c038904\" data-element_type=\"widget\" data-e-type=\"widget\" data-widget_type=\"heading.default\">\n\t\t\t\t<div class=\"elementor-widget-container\">\n\t\t\t\t\t<h2 class=\"elementor-heading-title elementor-size-default\">Podsumowanie kr\u00f3tkoterminowego projektu Erasmus+: Grecja 28.10 \u2013 08.11.2024 <\/h2>\t\t\t\t<\/div>\n\t\t\t\t<\/div>\n\t\t\t\t<div class=\"elementor-element elementor-element-abaafc7 elementor-widget elementor-widget-text-editor\" data-id=\"abaafc7\" data-element_type=\"widget\" data-e-type=\"widget\" data-widget_type=\"text-editor.default\">\n\t\t\t\t<div class=\"elementor-widget-container\">\n\t\t\t\t\t\t\t\t\t<p><b><span data-contrast=\"auto\">W pa\u017adziernikowym s\u0142o\u0144cu, pomi\u0119dzy gajami oliwnymi i b\u0142\u0119kitem Morza Egejskiego, 25 uczni\u00f3w i czterech nauczycieli z naszej szko\u0142y prze\u017cy\u0142o swoj\u0105 wielk\u0105, edukacyjn\u0105 przygod\u0119. Projekt zatytu\u0142owany \u201eUczniowie i nauczyciele z SP w B\u0105kowie G\u00f3rnym odkrywaj\u0105 kultur\u0119 i przyrod\u0119 w Grecji, wzmacniaj\u0105c swoje kompetencje i poznaj\u0105c atrakcyjne, nowoczesne formy nauki\u201d zaprowadzi\u0142 ich na wybrze\u017ce kryj\u0105ce staro\u017cytne tajemnice, ze wzg\u00f3rzami naznaczonymi mitologi\u0105 i do greckiej szko\u0142y, w kt\u00f3rej spotka\u0142a si\u0119 europejska m\u0142odzie\u017c w poszukiwaniu wiedzy i nowych przyja\u017ani.<\/span><\/b><span data-ccp-props=\"{}\">\u00a0<\/span><\/p><p><span data-contrast=\"auto\">Od pierwszych dni, gdy nasi uczniowie po raz pierwszy przekroczyli pr\u00f3g szko\u0142y 3rd Gymnasium Katerini, dziel\u0105c si\u0119 opowie\u015bciami o swoich regionach i s\u0142uchaj\u0105c historii o Grecji, poczuli, \u017ce edukacja mo\u017ce mie\u0107 r\u00f3wnie\u017c form\u0119 odkrywania, a nauka to nie tylko podr\u0119czniki, ale r\u00f3wnie\u017c sztuka poznawania \u015bwiata. Dzi\u0119ki greckim r\u00f3wie\u015bnikom nasi uczniowie mieli mo\u017cliwo\u015b\u0107 zg\u0142\u0119bia\u0107 zar\u00f3wno kultur\u0119, jak i wsp\u00f3\u0142czesne metody nauczania, w\u0142\u0105czaj\u0105c si\u0119 w warsztaty i uczestnicz\u0105c w spotkaniach, podczas kt\u00f3rych\u00a0 j\u0119zyk angielski sta\u0142 si\u0119 pomostem do dzielenia si\u0119 wiedz\u0105 i do\u015bwiadczeniami. Kolejnym by\u0142y zabawy integracyjne i ta\u0144ce. Wsp\u00f3lnie si\u0119 bawi\u0105c europejska m\u0142odzie\u017c odkrywa\u0142a, \u017ce tradycja jest czym\u015b, co mo\u017cna wsp\u00f3\u0142dzieli\u0107 bez wzgl\u0119du na granice.<\/span><span data-ccp-props=\"{}\">\u00a0<\/span><\/p><p><span data-contrast=\"auto\">W ci\u0105gu 12 dni projektowych uczniowie w\u0119drowali \u015bladami dawnych bog\u00f3w i heros\u00f3w, zbieraj\u0105c materia\u0142y i informacje tworz\u0105c prezentacje, kt\u00f3re mia\u0142y przybli\u017cy\u0107 im i ich kolegom ze szko\u0142y \u017cycie i kultur\u0119 Grecji.\u00a0 Warsztaty cyfrowe pozwoli\u0142y uczestnikom pozna\u0107 bli\u017cej program Canva i jego mo\u017cliwo\u015bci w obszarze tworzenia ciekawych materia\u0142\u00f3w. Dzi\u0119ki nowym umiej\u0119tno\u015bciom uczniowie stworzyli projekty po\u015bwi\u0119cone zar\u00f3wno kulturze, kuchni, mitologii, jak i edukacji w Grecji. Dodatkowo uczniowie uczestniczyli w zaj\u0119ciach prowadzonych przez europejskich ekspert\u00f3w, kt\u00f3rzy przedstawili elementy zastosowania grywalizacji w edukacji. Na tej bazie przygotowana zosta\u0142a przez m\u0142odzie\u017c prezentacja, w kt\u00f3rej znale\u017a\u0107 mo\u017cna najciekawsze aplikacje i gry do nauki przedmiot\u00f3w szkolnych.\u00a0<\/span><span data-ccp-props=\"{}\">\u00a0<\/span><\/p><p><span data-contrast=\"auto\">Prowadzeni przez greckich nauczycieli i przewodnik\u00f3w polscy uczniowie zanurzyli si\u0119 r\u00f3wnie\u017c w zielone krajobrazy Parku Narodowego G\u00f3ry Olimp wys\u0142uchuj\u0105c opowie\u015bci o florze i faunie Macedonii, poznaj\u0105c delfiny, \u017c\u00f3\u0142wie i legendy, kt\u00f3re uczyni\u0142y z Olimpu siedzib\u0119 bog\u00f3w. Podczas wycieczki na wysp\u0119 Skiathos zobaczyli urokliwe miasteczko, z\u0142ocist\u0105 pla\u017c\u0119 i b\u0142\u0119kitne zatoki \u2013 miejsce, w kt\u00f3rym przyroda i historia przeplataj\u0105 si\u0119 niczym s\u0142o\u0144ce i morze w greckiej mitologii. A Saloniki, z Bia\u0142\u0105 Wie\u017c\u0105 i antycznym Forum Romanum, by\u0142y dla nich lekcj\u0105 historii, kt\u00f3r\u0105 pami\u0119ta si\u0119 d\u0142ugo po powrocie do domu.<\/span><span data-ccp-props=\"{}\">\u00a0<\/span><\/p><p><span data-contrast=\"auto\">Nasi uczniowie powr\u00f3cili z Grecji z nowymi umiej\u0119tno\u015bciami, kt\u00f3re pomog\u0105 im w dalszej edukacji. By\u0142a to podr\u00f3\u017c, kt\u00f3ra pokaza\u0142a im, \u017ce nauka to tak\u017ce otwarto\u015b\u0107 na \u015bwiat i mi\u0119dzykulturowa wsp\u00f3\u0142praca. Grecja da\u0142a im co\u015b wi\u0119cej ni\u017c wiedz\u0119 i wzmocnienie kluczowych kompetencji. Sta\u0142a si\u0119 prawdziw\u0105 zach\u0119t\u0105 do dalszej w\u0119dr\u00f3wki edukacyjnej.<\/span><span data-ccp-props=\"{}\">\u00a0<\/span><\/p>\t\t\t\t\t\t\t\t<\/div>\n\t\t\t\t<\/div>\n\t\t\t\t<div class=\"elementor-element elementor-element-9b48fdf elementor-widget elementor-widget-image-gallery\" data-id=\"9b48fdf\" data-element_type=\"widget\" data-e-type=\"widget\" data-widget_type=\"image-gallery.default\">\n\t\t\t\t<div class=\"elementor-widget-container\">\n\t\t\t\t\t\t\t<div class=\"elementor-image-gallery\">\n\t\t\t<div id='gallery-1' class='gallery galleryid-535 gallery-columns-6 gallery-size-thumbnail'><figure class='gallery-item'>\n\t\t\t<div class='gallery-icon landscape'>\n\t\t\t\t<a data-elementor-open-lightbox=\"yes\" data-elementor-lightbox-slideshow=\"9b48fdf\" data-elementor-lightbox-title=\"Erasmus+ Grecja 28.10 \u2013 08.11.2024 (1)\" data-e-action-hash=\"#elementor-action%3Aaction%3Dlightbox%26settings%3DeyJpZCI6NjMzLCJ1cmwiOiJodHRwOlwvXC9uYXN6ZS1wcm9qZWt0eS5wbFwvd3AtY29udGVudFwvdXBsb2Fkc1wvMjAyNVwvMDhcL0VyYXNtdXMtR3JlY2phLTI4LjEwLVx1MjAxMy0wOC4xMS4yMDI0LTEuanBlZyIsInNsaWRlc2hvdyI6IjliNDhmZGYifQ%3D%3D\" href='http:\/\/nasze-projekty.pl\/wp-content\/uploads\/2025\/08\/Erasmus-Grecja-28.10-\u2013-08.11.2024-1.jpeg'><img decoding=\"async\" width=\"150\" height=\"150\" src=\"http:\/\/nasze-projekty.pl\/wp-content\/uploads\/2025\/08\/Erasmus-Grecja-28.10-\u2013-08.11.2024-1-150x150.jpeg\" class=\"attachment-thumbnail size-thumbnail\" alt=\"\" \/><\/a>\n\t\t\t<\/div><\/figure><figure class='gallery-item'>\n\t\t\t<div class='gallery-icon landscape'>\n\t\t\t\t<a data-elementor-open-lightbox=\"yes\" data-elementor-lightbox-slideshow=\"9b48fdf\" data-elementor-lightbox-title=\"Erasmus+ Grecja 28.10 \u2013 08.11.2024 (1)\" data-e-action-hash=\"#elementor-action%3Aaction%3Dlightbox%26settings%3DeyJpZCI6NjM1LCJ1cmwiOiJodHRwOlwvXC9uYXN6ZS1wcm9qZWt0eS5wbFwvd3AtY29udGVudFwvdXBsb2Fkc1wvMjAyNVwvMDhcL0VyYXNtdXMtR3JlY2phLTI4LjEwLVx1MjAxMy0wOC4xMS4yMDI0LTEuanBnIiwic2xpZGVzaG93IjoiOWI0OGZkZiJ9\" href='http:\/\/nasze-projekty.pl\/wp-content\/uploads\/2025\/08\/Erasmus-Grecja-28.10-\u2013-08.11.2024-1.jpg'><img decoding=\"async\" width=\"150\" height=\"150\" src=\"http:\/\/nasze-projekty.pl\/wp-content\/uploads\/2025\/08\/Erasmus-Grecja-28.10-\u2013-08.11.2024-1-150x150.jpg\" class=\"attachment-thumbnail size-thumbnail\" alt=\"\" \/><\/a>\n\t\t\t<\/div><\/figure><figure class='gallery-item'>\n\t\t\t<div class='gallery-icon landscape'>\n\t\t\t\t<a data-elementor-open-lightbox=\"yes\" data-elementor-lightbox-slideshow=\"9b48fdf\" data-elementor-lightbox-title=\"Erasmus+ Grecja 28.10 \u2013 08.11.2024 (2)\" data-e-action-hash=\"#elementor-action%3Aaction%3Dlightbox%26settings%3DeyJpZCI6NjM2LCJ1cmwiOiJodHRwOlwvXC9uYXN6ZS1wcm9qZWt0eS5wbFwvd3AtY29udGVudFwvdXBsb2Fkc1wvMjAyNVwvMDhcL0VyYXNtdXMtR3JlY2phLTI4LjEwLVx1MjAxMy0wOC4xMS4yMDI0LTIuanBlZyIsInNsaWRlc2hvdyI6IjliNDhmZGYifQ%3D%3D\" href='http:\/\/nasze-projekty.pl\/wp-content\/uploads\/2025\/08\/Erasmus-Grecja-28.10-\u2013-08.11.2024-2.jpeg'><img loading=\"lazy\" decoding=\"async\" width=\"150\" height=\"150\" src=\"http:\/\/nasze-projekty.pl\/wp-content\/uploads\/2025\/08\/Erasmus-Grecja-28.10-\u2013-08.11.2024-2-150x150.jpeg\" class=\"attachment-thumbnail size-thumbnail\" alt=\"\" \/><\/a>\n\t\t\t<\/div><\/figure><figure class='gallery-item'>\n\t\t\t<div class='gallery-icon landscape'>\n\t\t\t\t<a data-elementor-open-lightbox=\"yes\" data-elementor-lightbox-slideshow=\"9b48fdf\" data-elementor-lightbox-title=\"Erasmus+ Grecja 28.10 \u2013 08.11.2024 (2)\" data-e-action-hash=\"#elementor-action%3Aaction%3Dlightbox%26settings%3DeyJpZCI6NjM3LCJ1cmwiOiJodHRwOlwvXC9uYXN6ZS1wcm9qZWt0eS5wbFwvd3AtY29udGVudFwvdXBsb2Fkc1wvMjAyNVwvMDhcL0VyYXNtdXMtR3JlY2phLTI4LjEwLVx1MjAxMy0wOC4xMS4yMDI0LTIuanBnIiwic2xpZGVzaG93IjoiOWI0OGZkZiJ9\" href='http:\/\/nasze-projekty.pl\/wp-content\/uploads\/2025\/08\/Erasmus-Grecja-28.10-\u2013-08.11.2024-2.jpg'><img loading=\"lazy\" decoding=\"async\" width=\"150\" height=\"150\" src=\"http:\/\/nasze-projekty.pl\/wp-content\/uploads\/2025\/08\/Erasmus-Grecja-28.10-\u2013-08.11.2024-2-150x150.jpg\" class=\"attachment-thumbnail size-thumbnail\" alt=\"\" \/><\/a>\n\t\t\t<\/div><\/figure><figure class='gallery-item'>\n\t\t\t<div class='gallery-icon landscape'>\n\t\t\t\t<a data-elementor-open-lightbox=\"yes\" data-elementor-lightbox-slideshow=\"9b48fdf\" data-elementor-lightbox-title=\"Erasmus+ Grecja 28.10 \u2013 08.11.2024 (3)\" data-e-action-hash=\"#elementor-action%3Aaction%3Dlightbox%26settings%3DeyJpZCI6NjM4LCJ1cmwiOiJodHRwOlwvXC9uYXN6ZS1wcm9qZWt0eS5wbFwvd3AtY29udGVudFwvdXBsb2Fkc1wvMjAyNVwvMDhcL0VyYXNtdXMtR3JlY2phLTI4LjEwLVx1MjAxMy0wOC4xMS4yMDI0LTMuanBlZyIsInNsaWRlc2hvdyI6IjliNDhmZGYifQ%3D%3D\" href='http:\/\/nasze-projekty.pl\/wp-content\/uploads\/2025\/08\/Erasmus-Grecja-28.10-\u2013-08.11.2024-3.jpeg'><img loading=\"lazy\" decoding=\"async\" width=\"150\" height=\"150\" src=\"http:\/\/nasze-projekty.pl\/wp-content\/uploads\/2025\/08\/Erasmus-Grecja-28.10-\u2013-08.11.2024-3-150x150.jpeg\" class=\"attachment-thumbnail size-thumbnail\" alt=\"\" \/><\/a>\n\t\t\t<\/div><\/figure><figure class='gallery-item'>\n\t\t\t<div class='gallery-icon landscape'>\n\t\t\t\t<a data-elementor-open-lightbox=\"yes\" data-elementor-lightbox-slideshow=\"9b48fdf\" data-elementor-lightbox-title=\"Erasmus+ Grecja 28.10 \u2013 08.11.2024 (3)\" data-e-action-hash=\"#elementor-action%3Aaction%3Dlightbox%26settings%3DeyJpZCI6NjM5LCJ1cmwiOiJodHRwOlwvXC9uYXN6ZS1wcm9qZWt0eS5wbFwvd3AtY29udGVudFwvdXBsb2Fkc1wvMjAyNVwvMDhcL0VyYXNtdXMtR3JlY2phLTI4LjEwLVx1MjAxMy0wOC4xMS4yMDI0LTMuanBnIiwic2xpZGVzaG93IjoiOWI0OGZkZiJ9\" href='http:\/\/nasze-projekty.pl\/wp-content\/uploads\/2025\/08\/Erasmus-Grecja-28.10-\u2013-08.11.2024-3.jpg'><img loading=\"lazy\" decoding=\"async\" width=\"150\" height=\"150\" src=\"http:\/\/nasze-projekty.pl\/wp-content\/uploads\/2025\/08\/Erasmus-Grecja-28.10-\u2013-08.11.2024-3-150x150.jpg\" class=\"attachment-thumbnail size-thumbnail\" alt=\"\" \/><\/a>\n\t\t\t<\/div><\/figure><figure class='gallery-item'>\n\t\t\t<div class='gallery-icon landscape'>\n\t\t\t\t<a data-elementor-open-lightbox=\"yes\" data-elementor-lightbox-slideshow=\"9b48fdf\" data-elementor-lightbox-title=\"Erasmus+ Grecja 28.10 \u2013 08.11.2024 (4)\" data-e-action-hash=\"#elementor-action%3Aaction%3Dlightbox%26settings%3DeyJpZCI6NjQwLCJ1cmwiOiJodHRwOlwvXC9uYXN6ZS1wcm9qZWt0eS5wbFwvd3AtY29udGVudFwvdXBsb2Fkc1wvMjAyNVwvMDhcL0VyYXNtdXMtR3JlY2phLTI4LjEwLVx1MjAxMy0wOC4xMS4yMDI0LTQuanBlZyIsInNsaWRlc2hvdyI6IjliNDhmZGYifQ%3D%3D\" href='http:\/\/nasze-projekty.pl\/wp-content\/uploads\/2025\/08\/Erasmus-Grecja-28.10-\u2013-08.11.2024-4.jpeg'><img loading=\"lazy\" decoding=\"async\" width=\"150\" height=\"150\" src=\"http:\/\/nasze-projekty.pl\/wp-content\/uploads\/2025\/08\/Erasmus-Grecja-28.10-\u2013-08.11.2024-4-150x150.jpeg\" class=\"attachment-thumbnail size-thumbnail\" alt=\"\" \/><\/a>\n\t\t\t<\/div><\/figure><figure class='gallery-item'>\n\t\t\t<div class='gallery-icon landscape'>\n\t\t\t\t<a data-elementor-open-lightbox=\"yes\" data-elementor-lightbox-slideshow=\"9b48fdf\" data-elementor-lightbox-title=\"Erasmus+ Grecja 28.10 \u2013 08.11.2024 (4)\" data-e-action-hash=\"#elementor-action%3Aaction%3Dlightbox%26settings%3DeyJpZCI6NjQxLCJ1cmwiOiJodHRwOlwvXC9uYXN6ZS1wcm9qZWt0eS5wbFwvd3AtY29udGVudFwvdXBsb2Fkc1wvMjAyNVwvMDhcL0VyYXNtdXMtR3JlY2phLTI4LjEwLVx1MjAxMy0wOC4xMS4yMDI0LTQuanBnIiwic2xpZGVzaG93IjoiOWI0OGZkZiJ9\" href='http:\/\/nasze-projekty.pl\/wp-content\/uploads\/2025\/08\/Erasmus-Grecja-28.10-\u2013-08.11.2024-4.jpg'><img loading=\"lazy\" decoding=\"async\" width=\"150\" height=\"150\" src=\"http:\/\/nasze-projekty.pl\/wp-content\/uploads\/2025\/08\/Erasmus-Grecja-28.10-\u2013-08.11.2024-4-150x150.jpg\" class=\"attachment-thumbnail size-thumbnail\" alt=\"\" \/><\/a>\n\t\t\t<\/div><\/figure><figure class='gallery-item'>\n\t\t\t<div class='gallery-icon portrait'>\n\t\t\t\t<a data-elementor-open-lightbox=\"yes\" data-elementor-lightbox-slideshow=\"9b48fdf\" data-elementor-lightbox-title=\"Erasmus+ Grecja 28.10 \u2013 08.11.2024 (5)\" data-e-action-hash=\"#elementor-action%3Aaction%3Dlightbox%26settings%3DeyJpZCI6NjQyLCJ1cmwiOiJodHRwOlwvXC9uYXN6ZS1wcm9qZWt0eS5wbFwvd3AtY29udGVudFwvdXBsb2Fkc1wvMjAyNVwvMDhcL0VyYXNtdXMtR3JlY2phLTI4LjEwLVx1MjAxMy0wOC4xMS4yMDI0LTUuanBlZyIsInNsaWRlc2hvdyI6IjliNDhmZGYifQ%3D%3D\" href='http:\/\/nasze-projekty.pl\/wp-content\/uploads\/2025\/08\/Erasmus-Grecja-28.10-\u2013-08.11.2024-5.jpeg'><img loading=\"lazy\" decoding=\"async\" width=\"150\" height=\"150\" src=\"http:\/\/nasze-projekty.pl\/wp-content\/uploads\/2025\/08\/Erasmus-Grecja-28.10-\u2013-08.11.2024-5-150x150.jpeg\" class=\"attachment-thumbnail size-thumbnail\" alt=\"\" \/><\/a>\n\t\t\t<\/div><\/figure><figure class='gallery-item'>\n\t\t\t<div class='gallery-icon landscape'>\n\t\t\t\t<a data-elementor-open-lightbox=\"yes\" data-elementor-lightbox-slideshow=\"9b48fdf\" data-elementor-lightbox-title=\"Erasmus+ Grecja 28.10 \u2013 08.11.2024 (5)\" data-e-action-hash=\"#elementor-action%3Aaction%3Dlightbox%26settings%3DeyJpZCI6NjQzLCJ1cmwiOiJodHRwOlwvXC9uYXN6ZS1wcm9qZWt0eS5wbFwvd3AtY29udGVudFwvdXBsb2Fkc1wvMjAyNVwvMDhcL0VyYXNtdXMtR3JlY2phLTI4LjEwLVx1MjAxMy0wOC4xMS4yMDI0LTUuanBnIiwic2xpZGVzaG93IjoiOWI0OGZkZiJ9\" href='http:\/\/nasze-projekty.pl\/wp-content\/uploads\/2025\/08\/Erasmus-Grecja-28.10-\u2013-08.11.2024-5.jpg'><img loading=\"lazy\" decoding=\"async\" width=\"150\" height=\"150\" src=\"http:\/\/nasze-projekty.pl\/wp-content\/uploads\/2025\/08\/Erasmus-Grecja-28.10-\u2013-08.11.2024-5-150x150.jpg\" class=\"attachment-thumbnail size-thumbnail\" alt=\"\" \/><\/a>\n\t\t\t<\/div><\/figure><figure class='gallery-item'>\n\t\t\t<div class='gallery-icon landscape'>\n\t\t\t\t<a data-elementor-open-lightbox=\"yes\" data-elementor-lightbox-slideshow=\"9b48fdf\" data-elementor-lightbox-title=\"Erasmus+ Grecja 28.10 \u2013 08.11.2024 (6)\" data-e-action-hash=\"#elementor-action%3Aaction%3Dlightbox%26settings%3DeyJpZCI6NjQ0LCJ1cmwiOiJodHRwOlwvXC9uYXN6ZS1wcm9qZWt0eS5wbFwvd3AtY29udGVudFwvdXBsb2Fkc1wvMjAyNVwvMDhcL0VyYXNtdXMtR3JlY2phLTI4LjEwLVx1MjAxMy0wOC4xMS4yMDI0LTYuanBlZyIsInNsaWRlc2hvdyI6IjliNDhmZGYifQ%3D%3D\" href='http:\/\/nasze-projekty.pl\/wp-content\/uploads\/2025\/08\/Erasmus-Grecja-28.10-\u2013-08.11.2024-6.jpeg'><img loading=\"lazy\" decoding=\"async\" width=\"150\" height=\"150\" src=\"http:\/\/nasze-projekty.pl\/wp-content\/uploads\/2025\/08\/Erasmus-Grecja-28.10-\u2013-08.11.2024-6-150x150.jpeg\" class=\"attachment-thumbnail size-thumbnail\" alt=\"\" \/><\/a>\n\t\t\t<\/div><\/figure><figure class='gallery-item'>\n\t\t\t<div class='gallery-icon landscape'>\n\t\t\t\t<a data-elementor-open-lightbox=\"yes\" data-elementor-lightbox-slideshow=\"9b48fdf\" data-elementor-lightbox-title=\"Erasmus+ Grecja 28.10 \u2013 08.11.2024 (6)\" data-e-action-hash=\"#elementor-action%3Aaction%3Dlightbox%26settings%3DeyJpZCI6NjQ1LCJ1cmwiOiJodHRwOlwvXC9uYXN6ZS1wcm9qZWt0eS5wbFwvd3AtY29udGVudFwvdXBsb2Fkc1wvMjAyNVwvMDhcL0VyYXNtdXMtR3JlY2phLTI4LjEwLVx1MjAxMy0wOC4xMS4yMDI0LTYuanBnIiwic2xpZGVzaG93IjoiOWI0OGZkZiJ9\" href='http:\/\/nasze-projekty.pl\/wp-content\/uploads\/2025\/08\/Erasmus-Grecja-28.10-\u2013-08.11.2024-6.jpg'><img loading=\"lazy\" decoding=\"async\" width=\"150\" height=\"150\" src=\"http:\/\/nasze-projekty.pl\/wp-content\/uploads\/2025\/08\/Erasmus-Grecja-28.10-\u2013-08.11.2024-6-150x150.jpg\" class=\"attachment-thumbnail size-thumbnail\" alt=\"\" \/><\/a>\n\t\t\t<\/div><\/figure><figure class='gallery-item'>\n\t\t\t<div class='gallery-icon landscape'>\n\t\t\t\t<a data-elementor-open-lightbox=\"yes\" data-elementor-lightbox-slideshow=\"9b48fdf\" data-elementor-lightbox-title=\"Erasmus+ Grecja 28.10 \u2013 08.11.2024 (7)\" data-e-action-hash=\"#elementor-action%3Aaction%3Dlightbox%26settings%3DeyJpZCI6NjQ2LCJ1cmwiOiJodHRwOlwvXC9uYXN6ZS1wcm9qZWt0eS5wbFwvd3AtY29udGVudFwvdXBsb2Fkc1wvMjAyNVwvMDhcL0VyYXNtdXMtR3JlY2phLTI4LjEwLVx1MjAxMy0wOC4xMS4yMDI0LTcuanBlZyIsInNsaWRlc2hvdyI6IjliNDhmZGYifQ%3D%3D\" href='http:\/\/nasze-projekty.pl\/wp-content\/uploads\/2025\/08\/Erasmus-Grecja-28.10-\u2013-08.11.2024-7.jpeg'><img loading=\"lazy\" decoding=\"async\" width=\"150\" height=\"150\" src=\"http:\/\/nasze-projekty.pl\/wp-content\/uploads\/2025\/08\/Erasmus-Grecja-28.10-\u2013-08.11.2024-7-150x150.jpeg\" class=\"attachment-thumbnail size-thumbnail\" alt=\"\" \/><\/a>\n\t\t\t<\/div><\/figure><figure class='gallery-item'>\n\t\t\t<div class='gallery-icon landscape'>\n\t\t\t\t<a data-elementor-open-lightbox=\"yes\" data-elementor-lightbox-slideshow=\"9b48fdf\" data-elementor-lightbox-title=\"Erasmus+ Grecja 28.10 \u2013 08.11.2024 (8)\" data-e-action-hash=\"#elementor-action%3Aaction%3Dlightbox%26settings%3DeyJpZCI6NjQ4LCJ1cmwiOiJodHRwOlwvXC9uYXN6ZS1wcm9qZWt0eS5wbFwvd3AtY29udGVudFwvdXBsb2Fkc1wvMjAyNVwvMDhcL0VyYXNtdXMtR3JlY2phLTI4LjEwLVx1MjAxMy0wOC4xMS4yMDI0LTguanBlZyIsInNsaWRlc2hvdyI6IjliNDhmZGYifQ%3D%3D\" href='http:\/\/nasze-projekty.pl\/wp-content\/uploads\/2025\/08\/Erasmus-Grecja-28.10-\u2013-08.11.2024-8.jpeg'><img loading=\"lazy\" decoding=\"async\" width=\"150\" height=\"150\" src=\"http:\/\/nasze-projekty.pl\/wp-content\/uploads\/2025\/08\/Erasmus-Grecja-28.10-\u2013-08.11.2024-8-150x150.jpeg\" class=\"attachment-thumbnail size-thumbnail\" alt=\"\" \/><\/a>\n\t\t\t<\/div><\/figure><figure class='gallery-item'>\n\t\t\t<div class='gallery-icon landscape'>\n\t\t\t\t<a data-elementor-open-lightbox=\"yes\" data-elementor-lightbox-slideshow=\"9b48fdf\" data-elementor-lightbox-title=\"Erasmus+ Grecja 28.10 \u2013 08.11.2024 (8)\" data-e-action-hash=\"#elementor-action%3Aaction%3Dlightbox%26settings%3DeyJpZCI6NjQ5LCJ1cmwiOiJodHRwOlwvXC9uYXN6ZS1wcm9qZWt0eS5wbFwvd3AtY29udGVudFwvdXBsb2Fkc1wvMjAyNVwvMDhcL0VyYXNtdXMtR3JlY2phLTI4LjEwLVx1MjAxMy0wOC4xMS4yMDI0LTgtc2NhbGVkLmpwZyIsInNsaWRlc2hvdyI6IjliNDhmZGYifQ%3D%3D\" href='http:\/\/nasze-projekty.pl\/wp-content\/uploads\/2025\/08\/Erasmus-Grecja-28.10-\u2013-08.11.2024-8-scaled.jpg'><img loading=\"lazy\" decoding=\"async\" width=\"150\" height=\"150\" src=\"http:\/\/nasze-projekty.pl\/wp-content\/uploads\/2025\/08\/Erasmus-Grecja-28.10-\u2013-08.11.2024-8-150x150.jpg\" class=\"attachment-thumbnail size-thumbnail\" alt=\"\" \/><\/a>\n\t\t\t<\/div><\/figure><figure class='gallery-item'>\n\t\t\t<div class='gallery-icon landscape'>\n\t\t\t\t<a data-elementor-open-lightbox=\"yes\" data-elementor-lightbox-slideshow=\"9b48fdf\" data-elementor-lightbox-title=\"Erasmus+ Grecja 28.10 \u2013 08.11.2024 (9)\" data-e-action-hash=\"#elementor-action%3Aaction%3Dlightbox%26settings%3DeyJpZCI6NjUwLCJ1cmwiOiJodHRwOlwvXC9uYXN6ZS1wcm9qZWt0eS5wbFwvd3AtY29udGVudFwvdXBsb2Fkc1wvMjAyNVwvMDhcL0VyYXNtdXMtR3JlY2phLTI4LjEwLVx1MjAxMy0wOC4xMS4yMDI0LTkuanBlZyIsInNsaWRlc2hvdyI6IjliNDhmZGYifQ%3D%3D\" href='http:\/\/nasze-projekty.pl\/wp-content\/uploads\/2025\/08\/Erasmus-Grecja-28.10-\u2013-08.11.2024-9.jpeg'><img loading=\"lazy\" decoding=\"async\" width=\"150\" height=\"150\" src=\"http:\/\/nasze-projekty.pl\/wp-content\/uploads\/2025\/08\/Erasmus-Grecja-28.10-\u2013-08.11.2024-9-150x150.jpeg\" class=\"attachment-thumbnail size-thumbnail\" alt=\"\" \/><\/a>\n\t\t\t<\/div><\/figure><figure class='gallery-item'>\n\t\t\t<div class='gallery-icon landscape'>\n\t\t\t\t<a data-elementor-open-lightbox=\"yes\" data-elementor-lightbox-slideshow=\"9b48fdf\" data-elementor-lightbox-title=\"Erasmus+ Grecja 28.10 \u2013 08.11.2024 (9)\" data-e-action-hash=\"#elementor-action%3Aaction%3Dlightbox%26settings%3DeyJpZCI6NjUxLCJ1cmwiOiJodHRwOlwvXC9uYXN6ZS1wcm9qZWt0eS5wbFwvd3AtY29udGVudFwvdXBsb2Fkc1wvMjAyNVwvMDhcL0VyYXNtdXMtR3JlY2phLTI4LjEwLVx1MjAxMy0wOC4xMS4yMDI0LTktc2NhbGVkLmpwZyIsInNsaWRlc2hvdyI6IjliNDhmZGYifQ%3D%3D\" href='http:\/\/nasze-projekty.pl\/wp-content\/uploads\/2025\/08\/Erasmus-Grecja-28.10-\u2013-08.11.2024-9-scaled.jpg'><img loading=\"lazy\" decoding=\"async\" width=\"150\" height=\"150\" src=\"http:\/\/nasze-projekty.pl\/wp-content\/uploads\/2025\/08\/Erasmus-Grecja-28.10-\u2013-08.11.2024-9-150x150.jpg\" class=\"attachment-thumbnail size-thumbnail\" alt=\"\" \/><\/a>\n\t\t\t<\/div><\/figure><figure class='gallery-item'>\n\t\t\t<div class='gallery-icon landscape'>\n\t\t\t\t<a data-elementor-open-lightbox=\"yes\" data-elementor-lightbox-slideshow=\"9b48fdf\" data-elementor-lightbox-title=\"Erasmus+ Grecja 28.10 \u2013 08.11.2024 (10)\" data-e-action-hash=\"#elementor-action%3Aaction%3Dlightbox%26settings%3DeyJpZCI6NjUyLCJ1cmwiOiJodHRwOlwvXC9uYXN6ZS1wcm9qZWt0eS5wbFwvd3AtY29udGVudFwvdXBsb2Fkc1wvMjAyNVwvMDhcL0VyYXNtdXMtR3JlY2phLTI4LjEwLVx1MjAxMy0wOC4xMS4yMDI0LTEwLmpwZWciLCJzbGlkZXNob3ciOiI5YjQ4ZmRmIn0%3D\" href='http:\/\/nasze-projekty.pl\/wp-content\/uploads\/2025\/08\/Erasmus-Grecja-28.10-\u2013-08.11.2024-10.jpeg'><img loading=\"lazy\" decoding=\"async\" width=\"150\" height=\"150\" src=\"http:\/\/nasze-projekty.pl\/wp-content\/uploads\/2025\/08\/Erasmus-Grecja-28.10-\u2013-08.11.2024-10-150x150.jpeg\" class=\"attachment-thumbnail size-thumbnail\" alt=\"\" \/><\/a>\n\t\t\t<\/div><\/figure><figure class='gallery-item'>\n\t\t\t<div class='gallery-icon landscape'>\n\t\t\t\t<a data-elementor-open-lightbox=\"yes\" data-elementor-lightbox-slideshow=\"9b48fdf\" data-elementor-lightbox-title=\"Erasmus+ Grecja 28.10 \u2013 08.11.2024 (10)\" data-e-action-hash=\"#elementor-action%3Aaction%3Dlightbox%26settings%3DeyJpZCI6NjUzLCJ1cmwiOiJodHRwOlwvXC9uYXN6ZS1wcm9qZWt0eS5wbFwvd3AtY29udGVudFwvdXBsb2Fkc1wvMjAyNVwvMDhcL0VyYXNtdXMtR3JlY2phLTI4LjEwLVx1MjAxMy0wOC4xMS4yMDI0LTEwLXNjYWxlZC5qcGciLCJzbGlkZXNob3ciOiI5YjQ4ZmRmIn0%3D\" href='http:\/\/nasze-projekty.pl\/wp-content\/uploads\/2025\/08\/Erasmus-Grecja-28.10-\u2013-08.11.2024-10-scaled.jpg'><img loading=\"lazy\" decoding=\"async\" width=\"150\" height=\"150\" src=\"http:\/\/nasze-projekty.pl\/wp-content\/uploads\/2025\/08\/Erasmus-Grecja-28.10-\u2013-08.11.2024-10-150x150.jpg\" class=\"attachment-thumbnail size-thumbnail\" alt=\"\" \/><\/a>\n\t\t\t<\/div><\/figure><figure class='gallery-item'>\n\t\t\t<div class='gallery-icon landscape'>\n\t\t\t\t<a data-elementor-open-lightbox=\"yes\" data-elementor-lightbox-slideshow=\"9b48fdf\" data-elementor-lightbox-title=\"Erasmus+ Grecja 28.10 \u2013 08.11.2024 (11)\" data-e-action-hash=\"#elementor-action%3Aaction%3Dlightbox%26settings%3DeyJpZCI6NjU0LCJ1cmwiOiJodHRwOlwvXC9uYXN6ZS1wcm9qZWt0eS5wbFwvd3AtY29udGVudFwvdXBsb2Fkc1wvMjAyNVwvMDhcL0VyYXNtdXMtR3JlY2phLTI4LjEwLVx1MjAxMy0wOC4xMS4yMDI0LTExLmpwZWciLCJzbGlkZXNob3ciOiI5YjQ4ZmRmIn0%3D\" href='http:\/\/nasze-projekty.pl\/wp-content\/uploads\/2025\/08\/Erasmus-Grecja-28.10-\u2013-08.11.2024-11.jpeg'><img loading=\"lazy\" decoding=\"async\" width=\"150\" height=\"150\" src=\"http:\/\/nasze-projekty.pl\/wp-content\/uploads\/2025\/08\/Erasmus-Grecja-28.10-\u2013-08.11.2024-11-150x150.jpeg\" class=\"attachment-thumbnail size-thumbnail\" alt=\"\" \/><\/a>\n\t\t\t<\/div><\/figure><figure class='gallery-item'>\n\t\t\t<div class='gallery-icon landscape'>\n\t\t\t\t<a data-elementor-open-lightbox=\"yes\" data-elementor-lightbox-slideshow=\"9b48fdf\" data-elementor-lightbox-title=\"Erasmus+ Grecja 28.10 \u2013 08.11.2024 (11)\" data-e-action-hash=\"#elementor-action%3Aaction%3Dlightbox%26settings%3DeyJpZCI6NjU1LCJ1cmwiOiJodHRwOlwvXC9uYXN6ZS1wcm9qZWt0eS5wbFwvd3AtY29udGVudFwvdXBsb2Fkc1wvMjAyNVwvMDhcL0VyYXNtdXMtR3JlY2phLTI4LjEwLVx1MjAxMy0wOC4xMS4yMDI0LTExLmpwZyIsInNsaWRlc2hvdyI6IjliNDhmZGYifQ%3D%3D\" href='http:\/\/nasze-projekty.pl\/wp-content\/uploads\/2025\/08\/Erasmus-Grecja-28.10-\u2013-08.11.2024-11.jpg'><img loading=\"lazy\" decoding=\"async\" width=\"150\" height=\"150\" src=\"http:\/\/nasze-projekty.pl\/wp-content\/uploads\/2025\/08\/Erasmus-Grecja-28.10-\u2013-08.11.2024-11-150x150.jpg\" class=\"attachment-thumbnail size-thumbnail\" alt=\"\" \/><\/a>\n\t\t\t<\/div><\/figure><figure class='gallery-item'>\n\t\t\t<div class='gallery-icon landscape'>\n\t\t\t\t<a data-elementor-open-lightbox=\"yes\" data-elementor-lightbox-slideshow=\"9b48fdf\" data-elementor-lightbox-title=\"Erasmus+ Grecja 28.10 \u2013 08.11.2024 (12)\" data-e-action-hash=\"#elementor-action%3Aaction%3Dlightbox%26settings%3DeyJpZCI6NjU2LCJ1cmwiOiJodHRwOlwvXC9uYXN6ZS1wcm9qZWt0eS5wbFwvd3AtY29udGVudFwvdXBsb2Fkc1wvMjAyNVwvMDhcL0VyYXNtdXMtR3JlY2phLTI4LjEwLVx1MjAxMy0wOC4xMS4yMDI0LTEyLmpwZWciLCJzbGlkZXNob3ciOiI5YjQ4ZmRmIn0%3D\" href='http:\/\/nasze-projekty.pl\/wp-content\/uploads\/2025\/08\/Erasmus-Grecja-28.10-\u2013-08.11.2024-12.jpeg'><img loading=\"lazy\" decoding=\"async\" width=\"150\" height=\"150\" src=\"http:\/\/nasze-projekty.pl\/wp-content\/uploads\/2025\/08\/Erasmus-Grecja-28.10-\u2013-08.11.2024-12-150x150.jpeg\" class=\"attachment-thumbnail size-thumbnail\" alt=\"\" \/><\/a>\n\t\t\t<\/div><\/figure><figure class='gallery-item'>\n\t\t\t<div class='gallery-icon portrait'>\n\t\t\t\t<a data-elementor-open-lightbox=\"yes\" data-elementor-lightbox-slideshow=\"9b48fdf\" data-elementor-lightbox-title=\"Erasmus+ Grecja 28.10 \u2013 08.11.2024 (13)\" data-e-action-hash=\"#elementor-action%3Aaction%3Dlightbox%26settings%3DeyJpZCI6NjU3LCJ1cmwiOiJodHRwOlwvXC9uYXN6ZS1wcm9qZWt0eS5wbFwvd3AtY29udGVudFwvdXBsb2Fkc1wvMjAyNVwvMDhcL0VyYXNtdXMtR3JlY2phLTI4LjEwLVx1MjAxMy0wOC4xMS4yMDI0LTEzLmpwZWciLCJzbGlkZXNob3ciOiI5YjQ4ZmRmIn0%3D\" href='http:\/\/nasze-projekty.pl\/wp-content\/uploads\/2025\/08\/Erasmus-Grecja-28.10-\u2013-08.11.2024-13.jpeg'><img loading=\"lazy\" decoding=\"async\" width=\"150\" height=\"150\" src=\"http:\/\/nasze-projekty.pl\/wp-content\/uploads\/2025\/08\/Erasmus-Grecja-28.10-\u2013-08.11.2024-13-150x150.jpeg\" class=\"attachment-thumbnail size-thumbnail\" alt=\"\" \/><\/a>\n\t\t\t<\/div><\/figure><figure class='gallery-item'>\n\t\t\t<div class='gallery-icon portrait'>\n\t\t\t\t<a data-elementor-open-lightbox=\"yes\" data-elementor-lightbox-slideshow=\"9b48fdf\" data-elementor-lightbox-title=\"Erasmus+ Grecja 28.10 \u2013 08.11.2024 (14)\" data-e-action-hash=\"#elementor-action%3Aaction%3Dlightbox%26settings%3DeyJpZCI6NjU4LCJ1cmwiOiJodHRwOlwvXC9uYXN6ZS1wcm9qZWt0eS5wbFwvd3AtY29udGVudFwvdXBsb2Fkc1wvMjAyNVwvMDhcL0VyYXNtdXMtR3JlY2phLTI4LjEwLVx1MjAxMy0wOC4xMS4yMDI0LTE0LmpwZWciLCJzbGlkZXNob3ciOiI5YjQ4ZmRmIn0%3D\" href='http:\/\/nasze-projekty.pl\/wp-content\/uploads\/2025\/08\/Erasmus-Grecja-28.10-\u2013-08.11.2024-14.jpeg'><img loading=\"lazy\" decoding=\"async\" width=\"150\" height=\"150\" src=\"http:\/\/nasze-projekty.pl\/wp-content\/uploads\/2025\/08\/Erasmus-Grecja-28.10-\u2013-08.11.2024-14-150x150.jpeg\" class=\"attachment-thumbnail size-thumbnail\" alt=\"\" \/><\/a>\n\t\t\t<\/div><\/figure><figure class='gallery-item'>\n\t\t\t<div class='gallery-icon landscape'>\n\t\t\t\t<a data-elementor-open-lightbox=\"yes\" data-elementor-lightbox-slideshow=\"9b48fdf\" data-elementor-lightbox-title=\"Erasmus+ Grecja 28.10 \u2013 08.11.2024 (15)\" data-e-action-hash=\"#elementor-action%3Aaction%3Dlightbox%26settings%3DeyJpZCI6NjU5LCJ1cmwiOiJodHRwOlwvXC9uYXN6ZS1wcm9qZWt0eS5wbFwvd3AtY29udGVudFwvdXBsb2Fkc1wvMjAyNVwvMDhcL0VyYXNtdXMtR3JlY2phLTI4LjEwLVx1MjAxMy0wOC4xMS4yMDI0LTE1LmpwZWciLCJzbGlkZXNob3ciOiI5YjQ4ZmRmIn0%3D\" href='http:\/\/nasze-projekty.pl\/wp-content\/uploads\/2025\/08\/Erasmus-Grecja-28.10-\u2013-08.11.2024-15.jpeg'><img loading=\"lazy\" decoding=\"async\" width=\"150\" height=\"150\" src=\"http:\/\/nasze-projekty.pl\/wp-content\/uploads\/2025\/08\/Erasmus-Grecja-28.10-\u2013-08.11.2024-15-150x150.jpeg\" class=\"attachment-thumbnail size-thumbnail\" alt=\"\" \/><\/a>\n\t\t\t<\/div><\/figure><figure class='gallery-item'>\n\t\t\t<div class='gallery-icon landscape'>\n\t\t\t\t<a data-elementor-open-lightbox=\"yes\" data-elementor-lightbox-slideshow=\"9b48fdf\" data-elementor-lightbox-title=\"Erasmus+ Grecja 28.10 \u2013 08.11.2024 (16)\" data-e-action-hash=\"#elementor-action%3Aaction%3Dlightbox%26settings%3DeyJpZCI6NjYwLCJ1cmwiOiJodHRwOlwvXC9uYXN6ZS1wcm9qZWt0eS5wbFwvd3AtY29udGVudFwvdXBsb2Fkc1wvMjAyNVwvMDhcL0VyYXNtdXMtR3JlY2phLTI4LjEwLVx1MjAxMy0wOC4xMS4yMDI0LTE2LmpwZWciLCJzbGlkZXNob3ciOiI5YjQ4ZmRmIn0%3D\" href='http:\/\/nasze-projekty.pl\/wp-content\/uploads\/2025\/08\/Erasmus-Grecja-28.10-\u2013-08.11.2024-16.jpeg'><img loading=\"lazy\" decoding=\"async\" width=\"150\" height=\"150\" src=\"http:\/\/nasze-projekty.pl\/wp-content\/uploads\/2025\/08\/Erasmus-Grecja-28.10-\u2013-08.11.2024-16-150x150.jpeg\" class=\"attachment-thumbnail size-thumbnail\" alt=\"\" \/><\/a>\n\t\t\t<\/div><\/figure><figure class='gallery-item'>\n\t\t\t<div class='gallery-icon landscape'>\n\t\t\t\t<a data-elementor-open-lightbox=\"yes\" data-elementor-lightbox-slideshow=\"9b48fdf\" data-elementor-lightbox-title=\"Erasmus+ Grecja 28.10 \u2013 08.11.2024 (17)\" data-e-action-hash=\"#elementor-action%3Aaction%3Dlightbox%26settings%3DeyJpZCI6NjYxLCJ1cmwiOiJodHRwOlwvXC9uYXN6ZS1wcm9qZWt0eS5wbFwvd3AtY29udGVudFwvdXBsb2Fkc1wvMjAyNVwvMDhcL0VyYXNtdXMtR3JlY2phLTI4LjEwLVx1MjAxMy0wOC4xMS4yMDI0LTE3LmpwZWciLCJzbGlkZXNob3ciOiI5YjQ4ZmRmIn0%3D\" href='http:\/\/nasze-projekty.pl\/wp-content\/uploads\/2025\/08\/Erasmus-Grecja-28.10-\u2013-08.11.2024-17.jpeg'><img loading=\"lazy\" decoding=\"async\" width=\"150\" height=\"150\" src=\"http:\/\/nasze-projekty.pl\/wp-content\/uploads\/2025\/08\/Erasmus-Grecja-28.10-\u2013-08.11.2024-17-150x150.jpeg\" class=\"attachment-thumbnail size-thumbnail\" alt=\"\" \/><\/a>\n\t\t\t<\/div><\/figure><figure class='gallery-item'>\n\t\t\t<div class='gallery-icon landscape'>\n\t\t\t\t<a data-elementor-open-lightbox=\"yes\" data-elementor-lightbox-slideshow=\"9b48fdf\" data-elementor-lightbox-title=\"Erasmus+ Grecja 28.10 \u2013 08.11.2024 (18)\" data-e-action-hash=\"#elementor-action%3Aaction%3Dlightbox%26settings%3DeyJpZCI6NjYyLCJ1cmwiOiJodHRwOlwvXC9uYXN6ZS1wcm9qZWt0eS5wbFwvd3AtY29udGVudFwvdXBsb2Fkc1wvMjAyNVwvMDhcL0VyYXNtdXMtR3JlY2phLTI4LjEwLVx1MjAxMy0wOC4xMS4yMDI0LTE4LmpwZWciLCJzbGlkZXNob3ciOiI5YjQ4ZmRmIn0%3D\" href='http:\/\/nasze-projekty.pl\/wp-content\/uploads\/2025\/08\/Erasmus-Grecja-28.10-\u2013-08.11.2024-18.jpeg'><img loading=\"lazy\" decoding=\"async\" width=\"150\" height=\"150\" src=\"http:\/\/nasze-projekty.pl\/wp-content\/uploads\/2025\/08\/Erasmus-Grecja-28.10-\u2013-08.11.2024-18-150x150.jpeg\" class=\"attachment-thumbnail size-thumbnail\" alt=\"\" \/><\/a>\n\t\t\t<\/div><\/figure><figure class='gallery-item'>\n\t\t\t<div class='gallery-icon landscape'>\n\t\t\t\t<a data-elementor-open-lightbox=\"yes\" data-elementor-lightbox-slideshow=\"9b48fdf\" data-elementor-lightbox-title=\"Erasmus+ Grecja 28.10 \u2013 08.11.2024 (19)\" data-e-action-hash=\"#elementor-action%3Aaction%3Dlightbox%26settings%3DeyJpZCI6NjYzLCJ1cmwiOiJodHRwOlwvXC9uYXN6ZS1wcm9qZWt0eS5wbFwvd3AtY29udGVudFwvdXBsb2Fkc1wvMjAyNVwvMDhcL0VyYXNtdXMtR3JlY2phLTI4LjEwLVx1MjAxMy0wOC4xMS4yMDI0LTE5LmpwZWciLCJzbGlkZXNob3ciOiI5YjQ4ZmRmIn0%3D\" href='http:\/\/nasze-projekty.pl\/wp-content\/uploads\/2025\/08\/Erasmus-Grecja-28.10-\u2013-08.11.2024-19.jpeg'><img loading=\"lazy\" decoding=\"async\" width=\"150\" height=\"150\" src=\"http:\/\/nasze-projekty.pl\/wp-content\/uploads\/2025\/08\/Erasmus-Grecja-28.10-\u2013-08.11.2024-19-150x150.jpeg\" class=\"attachment-thumbnail size-thumbnail\" alt=\"\" \/><\/a>\n\t\t\t<\/div><\/figure><figure class='gallery-item'>\n\t\t\t<div class='gallery-icon landscape'>\n\t\t\t\t<a data-elementor-open-lightbox=\"yes\" data-elementor-lightbox-slideshow=\"9b48fdf\" data-elementor-lightbox-title=\"Erasmus+ Grecja 28.10 \u2013 08.11.2024 (20)\" data-e-action-hash=\"#elementor-action%3Aaction%3Dlightbox%26settings%3DeyJpZCI6NjY0LCJ1cmwiOiJodHRwOlwvXC9uYXN6ZS1wcm9qZWt0eS5wbFwvd3AtY29udGVudFwvdXBsb2Fkc1wvMjAyNVwvMDhcL0VyYXNtdXMtR3JlY2phLTI4LjEwLVx1MjAxMy0wOC4xMS4yMDI0LTIwLmpwZWciLCJzbGlkZXNob3ciOiI5YjQ4ZmRmIn0%3D\" href='http:\/\/nasze-projekty.pl\/wp-content\/uploads\/2025\/08\/Erasmus-Grecja-28.10-\u2013-08.11.2024-20.jpeg'><img loading=\"lazy\" decoding=\"async\" width=\"150\" height=\"150\" src=\"http:\/\/nasze-projekty.pl\/wp-content\/uploads\/2025\/08\/Erasmus-Grecja-28.10-\u2013-08.11.2024-20-150x150.jpeg\" class=\"attachment-thumbnail size-thumbnail\" alt=\"\" \/><\/a>\n\t\t\t<\/div><\/figure>\n\t\t<\/div>\n\t\t<\/div>\n\t\t\t\t\t\t<\/div>\n\t\t\t\t<\/div>\n\t\t\t\t\t<\/div>\n\t\t<\/div>\n\t\t\t\t\t<\/div>\n\t\t<\/section>\n\t\t\t\t<section class=\"elementor-section elementor-top-section elementor-element elementor-element-3af567e elementor-section-boxed elementor-section-height-default elementor-section-height-default wpr-particle-no wpr-jarallax-no wpr-parallax-no wpr-sticky-section-no\" data-id=\"3af567e\" data-element_type=\"section\" data-e-type=\"section\">\n\t\t\t\t\t\t<div class=\"elementor-container elementor-column-gap-default\">\n\t\t\t\t\t<div class=\"elementor-column elementor-col-100 elementor-top-column elementor-element elementor-element-5b193a9\" data-id=\"5b193a9\" data-element_type=\"column\" data-e-type=\"column\">\n\t\t\t<div class=\"elementor-widget-wrap elementor-element-populated\">\n\t\t\t\t\t\t<div class=\"elementor-element elementor-element-1242d8e elementor-widget elementor-widget-heading\" data-id=\"1242d8e\" data-element_type=\"widget\" data-e-type=\"widget\" data-widget_type=\"heading.default\">\n\t\t\t\t<div class=\"elementor-widget-container\">\n\t\t\t\t\t<h2 class=\"elementor-heading-title elementor-size-default\">Broszura projektowa<\/h2>\t\t\t\t<\/div>\n\t\t\t\t<\/div>\n\t\t\t\t<div class=\"elementor-element elementor-element-6c5f764 elementor-widget elementor-widget-html\" data-id=\"6c5f764\" data-element_type=\"widget\" data-e-type=\"widget\" data-widget_type=\"html.default\">\n\t\t\t\t<div class=\"elementor-widget-container\">\n\t\t\t\t\t<div style=\"position: relative; width: 100%; height: 0; padding-top: 75.0000%;\r\n padding-bottom: 0; box-shadow: 0 2px 8px 0 rgba(63,69,81,0.16); margin-top: 1.6em; margin-bottom: 0.9em; overflow: hidden;\r\n border-radius: 8px; will-change: transform;\">\r\n  <iframe loading=\"lazy\" style=\"position: absolute; width: 100%; height: 100%; top: 0; left: 0; border: none; padding: 0;margin: 0;\"\r\n    src=\"https:\/\/www.canva.com\/design\/DAGXd4t2GI0\/Xijmxy37-5DygYFHwM0aGw\/view?embed\" allowfullscreen=\"allowfullscreen\" allow=\"fullscreen\">\r\n  <\/iframe>\r\n<\/div>\t\t\t\t<\/div>\n\t\t\t\t<\/div>\n\t\t\t\t\t<\/div>\n\t\t<\/div>\n\t\t\t\t\t<\/div>\n\t\t<\/section>\n\t\t\t\t<section class=\"elementor-section elementor-top-section elementor-element elementor-element-9674f9b elementor-section-boxed elementor-section-height-default elementor-section-height-default wpr-particle-no wpr-jarallax-no wpr-parallax-no wpr-sticky-section-no\" data-id=\"9674f9b\" data-element_type=\"section\" data-e-type=\"section\">\n\t\t\t\t\t\t<div class=\"elementor-container elementor-column-gap-default\">\n\t\t\t\t\t<div class=\"elementor-column elementor-col-100 elementor-top-column elementor-element elementor-element-cb3cfaf\" data-id=\"cb3cfaf\" data-element_type=\"column\" data-e-type=\"column\">\n\t\t\t<div class=\"elementor-widget-wrap elementor-element-populated\">\n\t\t\t\t\t\t<section class=\"elementor-section elementor-inner-section elementor-element elementor-element-dc24750 elementor-section-boxed elementor-section-height-default elementor-section-height-default wpr-particle-no wpr-jarallax-no wpr-parallax-no wpr-sticky-section-no\" data-id=\"dc24750\" data-element_type=\"section\" data-e-type=\"section\">\n\t\t\t\t\t\t<div class=\"elementor-container elementor-column-gap-default\">\n\t\t\t\t\t<div class=\"elementor-column elementor-col-50 elementor-inner-column elementor-element elementor-element-1d288e1\" data-id=\"1d288e1\" data-element_type=\"column\" data-e-type=\"column\">\n\t\t\t<div class=\"elementor-widget-wrap elementor-element-populated\">\n\t\t\t\t\t\t<div class=\"elementor-element elementor-element-5fdcfd3 elementor-align-center elementor-widget elementor-widget-button\" data-id=\"5fdcfd3\" data-element_type=\"widget\" data-e-type=\"widget\" data-widget_type=\"button.default\">\n\t\t\t\t<div class=\"elementor-widget-container\">\n\t\t\t\t\t\t\t\t\t<div class=\"elementor-button-wrapper\">\n\t\t\t\t\t<a class=\"elementor-button elementor-button-link elementor-size-md\" href=\"http:\/\/nasze-projekty.pl\/wp-content\/uploads\/2025\/08\/Plakat-2024-1-PL01-KA122-SCH-000208840.jpg\" target=\"_blank\">\n\t\t\t\t\t\t<span class=\"elementor-button-content-wrapper\">\n\t\t\t\t\t\t\t\t\t<span class=\"elementor-button-text\">Plakat projektu<\/span>\n\t\t\t\t\t<\/span>\n\t\t\t\t\t<\/a>\n\t\t\t\t<\/div>\n\t\t\t\t\t\t\t\t<\/div>\n\t\t\t\t<\/div>\n\t\t\t\t\t<\/div>\n\t\t<\/div>\n\t\t\t\t<div class=\"elementor-column elementor-col-50 elementor-inner-column elementor-element elementor-element-4b35701\" data-id=\"4b35701\" data-element_type=\"column\" data-e-type=\"column\">\n\t\t\t<div class=\"elementor-widget-wrap elementor-element-populated\">\n\t\t\t\t\t\t<div class=\"elementor-element elementor-element-ca883fb elementor-align-center elementor-widget elementor-widget-button\" data-id=\"ca883fb\" data-element_type=\"widget\" data-e-type=\"widget\" data-widget_type=\"button.default\">\n\t\t\t\t<div class=\"elementor-widget-container\">\n\t\t\t\t\t\t\t\t\t<div class=\"elementor-button-wrapper\">\n\t\t\t\t\t<a class=\"elementor-button elementor-button-link elementor-size-md\" href=\"http:\/\/nasze-projekty.pl\/wp-content\/uploads\/2025\/08\/Ulotka_upowszechniajaca-2024-1-PL01-KA122-SCH-000208840.pdf\" target=\"_blank\">\n\t\t\t\t\t\t<span class=\"elementor-button-content-wrapper\">\n\t\t\t\t\t\t\t\t\t<span class=\"elementor-button-text\">Ulotka <\/span>\n\t\t\t\t\t<\/span>\n\t\t\t\t\t<\/a>\n\t\t\t\t<\/div>\n\t\t\t\t\t\t\t\t<\/div>\n\t\t\t\t<\/div>\n\t\t\t\t\t<\/div>\n\t\t<\/div>\n\t\t\t\t\t<\/div>\n\t\t<\/section>\n\t\t\t\t\t<\/div>\n\t\t<\/div>\n\t\t\t\t\t<\/div>\n\t\t<\/section>\n\t\t\t\t<section class=\"elementor-section elementor-top-section elementor-element elementor-element-144fb7d elementor-section-boxed elementor-section-height-default elementor-section-height-default wpr-particle-no wpr-jarallax-no wpr-parallax-no wpr-sticky-section-no\" data-id=\"144fb7d\" data-element_type=\"section\" data-e-type=\"section\">\n\t\t\t\t\t\t<div class=\"elementor-container elementor-column-gap-default\">\n\t\t\t\t\t<div class=\"elementor-column elementor-col-100 elementor-top-column elementor-element elementor-element-d3ad50d\" data-id=\"d3ad50d\" data-element_type=\"column\" data-e-type=\"column\">\n\t\t\t<div class=\"elementor-widget-wrap elementor-element-populated\">\n\t\t\t\t\t\t<div class=\"elementor-element elementor-element-b9eb204 elementor-widget elementor-widget-heading\" data-id=\"b9eb204\" data-element_type=\"widget\" data-e-type=\"widget\" data-widget_type=\"heading.default\">\n\t\t\t\t<div class=\"elementor-widget-container\">\n\t\t\t\t\t<h2 class=\"elementor-heading-title elementor-size-default\">Relacje z projektu i aryku\u0142y w lokalnej prasie:<\/h2>\t\t\t\t<\/div>\n\t\t\t\t<\/div>\n\t\t\t\t<div class=\"elementor-element elementor-element-7fdf40d elementor-widget elementor-widget-text-editor\" data-id=\"7fdf40d\" data-element_type=\"widget\" data-e-type=\"widget\" data-widget_type=\"text-editor.default\">\n\t\t\t\t<div class=\"elementor-widget-container\">\n\t\t\t\t\t\t\t\t\t<p><a href=\"https:\/\/www.facebook.com\/permalink.php?story_fbid=pfbid0ruFPWkif7NFpA7PcFGRnt2VgrTim7FfXeqRtSgxqFncuaMHGxkktkfBXNwPoRmDkl&amp;id=100057353782214\" target=\"_blank\" rel=\"noopener\">Nasza szko\u0142a otrzyma\u0142a dofinansowanie dla kr\u00f3tkoterminowego projektu z Sektora Edukacja Szkolna Erasmus+<\/a><\/p><p><a href=\"https:\/\/www.facebook.com\/permalink.php?story_fbid=pfbid02yhAjpZ9aJuoJMHNz3Ky5LHbQvWRP63aCu6LumNhngUCWtCgVpFMXUtbmyS4vQtNFl&amp;id=100057353782214\" target=\"_blank\" rel=\"noopener\">Rekrutacja Erasmus+<\/a><\/p><p><a href=\"https:\/\/www.facebook.com\/permalink.php?story_fbid=pfbid0AfDBeaARqXn3ZL245aBcjEizxsbhMBCuKmNLcUeYxK5PraA3jNxfeha8xLaCrpdtl&amp;id=100057353782214\" target=\"_blank\" rel=\"noopener\">Og\u0142oszenie o rekrutacji uzupe\u0142niaj\u0105cej<\/a><\/p><p>&#8212;&#8212;&#8212;&#8212;&#8212;&#8212;&#8212;&#8212;&#8212;&#8212;&#8212;&#8212;&#8212;&#8212;&#8212;&#8212;&#8212;&#8212;&#8212;&#8212;&#8212;&#8212;&#8211;<\/p><p><a href=\"https:\/\/www.facebook.com\/permalink.php?story_fbid=pfbid02CaiJb3D4RzEqcLsReWqmRYrLdRWXh9aMCoAmPdStCK2QPMc1pAbSG9V6ZpLW9UnGl&amp;id=100057353782214\" target=\"_blank\" rel=\"noopener\">Kochani, uda\u0142o nam si\u0119 dotrze\u0107 do Grecji autobusem, aby zrealizowa\u0107 projekt finansowany przez Erasmus+ z sektora edukacji szkolnej.<\/a><\/p><p><a href=\"https:\/\/www.facebook.com\/permalink.php?story_fbid=pfbid0WmFEyzBvMkpnBPr4vENoaAdzDzoKhxHy4kfMqm6zfA2eXBjUMcsUyzJ6h7qbwcjGl&amp;id=100057353782214\" target=\"_blank\" rel=\"noopener\">Kalim\u00e9ra schole\u00edo!<\/a><\/p><p><a href=\"https:\/\/www.facebook.com\/permalink.php?story_fbid=pfbid02qTNeceYUrMYrKQeV7gGc6Nb5V1CgCpV6ZPkFez2qHyYvCtcQ8BEQjKeK7u7Xs5dUl&amp;id=100057353782214\" target=\"_blank\" rel=\"noopener\">Kalimera! <span class=\"html-span xexx8yu xyri2b x18d9i69 x1c1uobl x1hl2dhg x16tdsg8 x1vvkbs x3nfvp2 x1j61x8r x1fcty0u xdj266r xat24cr xm2jcoa x1mpyi22 xxymvpz xlup9mm x1kky2od\"><img loading=\"lazy\" decoding=\"async\" class=\"xz74otr x15mokao x1ga7v0g x16uus16 xbiv7yw\" src=\"https:\/\/static.xx.fbcdn.net\/images\/emoji.php\/v9\/t6d\/1\/16\/2600.png\" alt=\"\u2600\ufe0f\" width=\"16\" height=\"16\" \/><\/span> Pozdrawiamy z pi\u0119knej Grecji!\u00a0<\/a><\/p><p><a href=\"https:\/\/www.facebook.com\/permalink.php?story_fbid=pfbid02mQnqnZ1gZ1LVFtJExshMBEEigvzx8Jozzidxj31HapL553NcHkQYum8AuZJYkWVcl&amp;id=100057353782214\" target=\"_blank\" rel=\"noopener\">Pozdrawiamy z bajkowej Grecji!<\/a><\/p><p><a href=\"https:\/\/www.facebook.com\/permalink.php?story_fbid=pfbid02LW2nJxNmAboPJoCKgzyX6jyZEHEwur5GuCMoB75wYwjrq1WAWNV66oaV8REhyVGl&amp;id=100057353782214\" target=\"_blank\" rel=\"noopener\">Pozdrowienia z krainy Zeusa!<\/a><\/p><div dir=\"auto\"><a href=\"https:\/\/www.facebook.com\/permalink.php?story_fbid=pfbid023izGSTJ7YCy2rSuGAGiuJjF4VpPnwR4N6oNcfeZqG8W57zCNpgGNcygZLeD35hhcl&amp;id=100057353782214\" target=\"_blank\" rel=\"noopener\">Kochani, Agapitos! Ruszyli\u015bmy ju\u017c w drog\u0119 do domu.<\/a><\/div><div dir=\"auto\">\u00a0<\/div><p><a href=\"https:\/\/www.facebook.com\/permalink.php?story_fbid=pfbid02Ro9d7MwPjCNRWFju5snsAjadQkZQHEpvUZPKSNJCbMz4wk7sWJZVvcvTUT5E9xYTl&amp;id=100057353782214\" target=\"_blank\" rel=\"noopener\">Podsumowanie kr\u00f3tkoterminowego projektu Erasmus+: Grecja 28.10 \u2013 08.11.2024 r.<\/a><\/p>\t\t\t\t\t\t\t\t<\/div>\n\t\t\t\t<\/div>\n\t\t\t\t<div class=\"elementor-element elementor-element-b50f49b elementor-widget elementor-widget-text-editor\" data-id=\"b50f49b\" data-element_type=\"widget\" data-e-type=\"widget\" data-widget_type=\"text-editor.default\">\n\t\t\t\t<div class=\"elementor-widget-container\">\n\t\t\t\t\t\t\t\t\t<p>Podsumowanie w \u015bwi\u0105tecznym klimacie &#8211; <a href=\"https:\/\/lowicz24.eu\/artykul\/bakow-gorny-podsumowanie-n1654713?fbclid=IwY2xjawMT7fNleHRuA2FlbQIxMQABHq71eedFxcMH7xvs2WGy4DzF55HJOIStulgHNYe3qoyy0JX4lqwt1R8xOL5V_aem_nd6-zaItHVUuNve_ACODXw\" target=\"_blank\" rel=\"noopener\">Artyku\u0142 w\u00a0 \u0141OWICZANIN24.EU<\/a><\/p>\t\t\t\t\t\t\t\t<\/div>\n\t\t\t\t<\/div>\n\t\t\t\t\t<\/div>\n\t\t<\/div>\n\t\t\t\t\t<\/div>\n\t\t<\/section>\n\t\t\t\t<\/div>\n\t\t","protected":false},"excerpt":{"rendered":"<p>W pa\u017adziernikowym s\u0142o\u0144cu, pomi\u0119dzy gajami oliwnymi i b\u0142\u0119kitem Morza Egejskiego, 25 uczni\u00f3w i czterech nauczycieli z naszej szko\u0142y prze\u017cy\u0142o swoj\u0105 wielk\u0105, edukacyjn\u0105 przygod\u0119. Projekt zatytu\u0142owany \u201eUczniowie i nauczyciele z SP w B\u0105kowie G\u00f3rnym odkrywaj\u0105 kultur\u0119 i przyrod\u0119 w Grecji, wzmacniaj\u0105c swoje kompetencje i poznaj\u0105c atrakcyjne, nowoczesne formy nauki\u201d zaprowadzi\u0142 ich na wybrze\u017ce kryj\u0105ce staro\u017cytne tajemnice, ze wzg\u00f3rzami naznaczonymi mitologi\u0105 i do greckiej szko\u0142y, w kt\u00f3rej spotka\u0142a si\u0119 europejska m\u0142odzie\u017c w poszukiwaniu wiedzy i nowych przyja\u017ani. <\/p>\n","protected":false},"author":1,"featured_media":477,"comment_status":"closed","ping_status":"open","sticky":false,"template":"","format":"standard","meta":{"footnotes":""},"categories":[7],"tags":[],"class_list":["post-535","post","type-post","status-publish","format-standard","has-post-thumbnail","hentry","category-kultura-i-przyroda-grecji"],"_links":{"self":[{"href":"http:\/\/nasze-projekty.pl\/index.php?rest_route=\/wp\/v2\/posts\/535","targetHints":{"allow":["GET"]}}],"collection":[{"href":"http:\/\/nasze-projekty.pl\/index.php?rest_route=\/wp\/v2\/posts"}],"about":[{"href":"http:\/\/nasze-projekty.pl\/index.php?rest_route=\/wp\/v2\/types\/post"}],"author":[{"embeddable":true,"href":"http:\/\/nasze-projekty.pl\/index.php?rest_route=\/wp\/v2\/users\/1"}],"replies":[{"embeddable":true,"href":"http:\/\/nasze-projekty.pl\/index.php?rest_route=%2Fwp%2Fv2%2Fcomments&post=535"}],"version-history":[{"count":28,"href":"http:\/\/nasze-projekty.pl\/index.php?rest_route=\/wp\/v2\/posts\/535\/revisions"}],"predecessor-version":[{"id":694,"href":"http:\/\/nasze-projekty.pl\/index.php?rest_route=\/wp\/v2\/posts\/535\/revisions\/694"}],"wp:featuredmedia":[{"embeddable":true,"href":"http:\/\/nasze-projekty.pl\/index.php?rest_route=\/wp\/v2\/media\/477"}],"wp:attachment":[{"href":"http:\/\/nasze-projekty.pl\/index.php?rest_route=%2Fwp%2Fv2%2Fmedia&parent=535"}],"wp:term":[{"taxonomy":"category","embeddable":true,"href":"http:\/\/nasze-projekty.pl\/index.php?rest_route=%2Fwp%2Fv2%2Fcategories&post=535"},{"taxonomy":"post_tag","embeddable":true,"href":"http:\/\/nasze-projekty.pl\/index.php?rest_route=%2Fwp%2Fv2%2Ftags&post=535"}],"curies":[{"name":"wp","href":"https:\/\/api.w.org\/{rel}","templated":true}]}}