{"id":26,"date":"2023-05-09T12:06:32","date_gmt":"2023-05-09T10:06:32","guid":{"rendered":"https:\/\/nasze-projekty.pl\/?p=26"},"modified":"2023-06-23T16:54:26","modified_gmt":"2023-06-23T14:54:26","slug":"skansen-w-maurzycach","status":"publish","type":"post","link":"http:\/\/nasze-projekty.pl\/?p=26","title":{"rendered":"Skansen w Maurzycach"},"content":{"rendered":"\n<p class=\"has-text-align-center\"><strong>SKANSEN W MAURZYCACH<\/strong><\/p>\n\n\n\n<p class=\"has-medium-font-size\">Skansen jest plac\u00f3wk\u0105&nbsp;Muzeum w \u0141owiczu, ekspozycj\u0105 etnograficzna w Maurzycach, wsi&nbsp;po\u0142o\u017conej w wojew\u00f3dztwie \u0142\u00f3dzkim, w&nbsp;powiecie \u0142owickim, w&nbsp;gminie Zduny. W skansenie prezentowane s\u0105 budynki dawnej wsi \u0142owickiej, w dw\u00f3ch uk\u0142adach przestrzennych.<\/p>\n\n\n\n<p class=\"has-medium-font-size\">Pomys\u0142 zbudowania skansenu wsi \u0142owickiej narodzi\u0142 si\u0119 na prze\u0142omie lat 60. i 70. XX wieku. Miejsce wybrano w 1971, w pobli\u017cu \u00f3wczesnej g\u0142\u00f3wnej drogi \u0142\u0105cz\u0105cej Warszaw\u0119 z Poznaniem. W drugiej po\u0142owie lat 70. XX wieku opracowano plan zagospodarowania dzia\u0142ki o powierzchni 17,67 hektara. Plan ten uleg\u0142 weryfikacji w ko\u0144cu lat 80. XX wieku (obiekt poddano wtedy intensywnej rozbudowie). W 1996 skansen i poszczeg\u00f3lne obiekty trafi\u0142y do rejestru zabytk\u00f3w.<\/p>\n\n\n\n<p class=\"has-medium-font-size\">Zgodnie z zamys\u0142em tw\u00f3rc\u00f3w skansen obrazuje tradycyjne budownictwo z teren\u00f3w obejmuj\u0105cych dawne Ksi\u0119stwo \u0141owickie, kt\u00f3re zamieszkane by\u0142o przez Ksi\u0119\u017cak\u00f3w (\u0141owiczan). Obecnie s\u0105 to tereny powiat\u00f3w \u0142owickiego i skierniewickiego.<\/p>\n\n\n\n<p class=\"has-medium-font-size\">Dane kontaktowe skansenu w j\u0119zyku polskim:<\/p>\n\n\n\n<figure class=\"wp-block-image size-large\"><img fetchpriority=\"high\" decoding=\"async\" width=\"1024\" height=\"724\" src=\"https:\/\/nasze-projekty.pl\/wp-content\/uploads\/2023\/05\/1-1024x724.png\" alt=\"\" class=\"wp-image-28\" srcset=\"http:\/\/nasze-projekty.pl\/wp-content\/uploads\/2023\/05\/1-1024x724.png 1024w, http:\/\/nasze-projekty.pl\/wp-content\/uploads\/2023\/05\/1-300x212.png 300w, http:\/\/nasze-projekty.pl\/wp-content\/uploads\/2023\/05\/1-768x543.png 768w, http:\/\/nasze-projekty.pl\/wp-content\/uploads\/2023\/05\/1-1536x1086.png 1536w, http:\/\/nasze-projekty.pl\/wp-content\/uploads\/2023\/05\/1.png 2000w\" sizes=\"(max-width: 1024px) 100vw, 1024px\" \/><\/figure>\n\n\n\n<p class=\"has-medium-font-size\">Informacje o skansenie w j\u0119zyku polskim:<\/p>\n\n\n\n<figure class=\"wp-block-image size-large\"><img decoding=\"async\" width=\"1024\" height=\"724\" src=\"https:\/\/nasze-projekty.pl\/wp-content\/uploads\/2023\/05\/2-1024x724.png\" alt=\"\" class=\"wp-image-29\" srcset=\"http:\/\/nasze-projekty.pl\/wp-content\/uploads\/2023\/05\/2-1024x724.png 1024w, http:\/\/nasze-projekty.pl\/wp-content\/uploads\/2023\/05\/2-300x212.png 300w, http:\/\/nasze-projekty.pl\/wp-content\/uploads\/2023\/05\/2-768x543.png 768w, http:\/\/nasze-projekty.pl\/wp-content\/uploads\/2023\/05\/2-1536x1086.png 1536w, http:\/\/nasze-projekty.pl\/wp-content\/uploads\/2023\/05\/2.png 2000w\" sizes=\"(max-width: 1024px) 100vw, 1024px\" \/><\/figure>\n\n\n\n<p class=\"has-medium-font-size\">Dane kontaktowe skansenu w j\u0119zyku greckim:<\/p>\n\n\n\n<figure class=\"wp-block-image size-large\"><img decoding=\"async\" width=\"1024\" height=\"724\" src=\"https:\/\/nasze-projekty.pl\/wp-content\/uploads\/2023\/05\/3-1024x724.png\" alt=\"\" class=\"wp-image-30\" srcset=\"http:\/\/nasze-projekty.pl\/wp-content\/uploads\/2023\/05\/3-1024x724.png 1024w, http:\/\/nasze-projekty.pl\/wp-content\/uploads\/2023\/05\/3-300x212.png 300w, http:\/\/nasze-projekty.pl\/wp-content\/uploads\/2023\/05\/3-768x543.png 768w, http:\/\/nasze-projekty.pl\/wp-content\/uploads\/2023\/05\/3-1536x1086.png 1536w, http:\/\/nasze-projekty.pl\/wp-content\/uploads\/2023\/05\/3.png 2000w\" sizes=\"(max-width: 1024px) 100vw, 1024px\" \/><\/figure>\n\n\n\n<p class=\"has-medium-font-size\">Informacje o skansenie w j\u0119zyku greckim:<\/p>\n\n\n\n<figure class=\"wp-block-image size-large\"><img loading=\"lazy\" decoding=\"async\" width=\"2000\" height=\"1414\" src=\"https:\/\/nasze-projekty.pl\/wp-content\/uploads\/2023\/05\/4-1024x724.png\" alt=\"\" class=\"wp-image-31\" srcset=\"http:\/\/nasze-projekty.pl\/wp-content\/uploads\/2023\/05\/4-1024x724.png 1024w, http:\/\/nasze-projekty.pl\/wp-content\/uploads\/2023\/05\/4-300x212.png 300w, http:\/\/nasze-projekty.pl\/wp-content\/uploads\/2023\/05\/4-768x543.png 768w, http:\/\/nasze-projekty.pl\/wp-content\/uploads\/2023\/05\/4-1536x1086.png 1536w, http:\/\/nasze-projekty.pl\/wp-content\/uploads\/2023\/05\/4.png 2000w\" sizes=\"(max-width: 2000px) 100vw, 2000px\" \/><\/figure>\n\n\n\n<p class=\"has-medium-font-size\">Dane kontaktowe skansenu w j\u0119zyku angielskim:<\/p>\n\n\n\n<figure class=\"wp-block-image size-large\"><img loading=\"lazy\" decoding=\"async\" width=\"1024\" height=\"724\" src=\"https:\/\/nasze-projekty.pl\/wp-content\/uploads\/2023\/05\/5-1024x724.png\" alt=\"\" class=\"wp-image-32\" srcset=\"http:\/\/nasze-projekty.pl\/wp-content\/uploads\/2023\/05\/5-1024x724.png 1024w, http:\/\/nasze-projekty.pl\/wp-content\/uploads\/2023\/05\/5-300x212.png 300w, http:\/\/nasze-projekty.pl\/wp-content\/uploads\/2023\/05\/5-768x543.png 768w, http:\/\/nasze-projekty.pl\/wp-content\/uploads\/2023\/05\/5-1536x1086.png 1536w, http:\/\/nasze-projekty.pl\/wp-content\/uploads\/2023\/05\/5.png 2000w\" sizes=\"(max-width: 1024px) 100vw, 1024px\" \/><\/figure>\n\n\n\n<p class=\"has-medium-font-size\">Informacje o skansenie w j\u0119zyku angielskim:<\/p>\n\n\n\n<figure class=\"wp-block-image size-large\"><img loading=\"lazy\" decoding=\"async\" width=\"1024\" height=\"724\" src=\"https:\/\/nasze-projekty.pl\/wp-content\/uploads\/2023\/05\/6-1024x724.png\" alt=\"\" class=\"wp-image-33\" srcset=\"http:\/\/nasze-projekty.pl\/wp-content\/uploads\/2023\/05\/6-1024x724.png 1024w, http:\/\/nasze-projekty.pl\/wp-content\/uploads\/2023\/05\/6-300x212.png 300w, http:\/\/nasze-projekty.pl\/wp-content\/uploads\/2023\/05\/6-768x543.png 768w, http:\/\/nasze-projekty.pl\/wp-content\/uploads\/2023\/05\/6-1536x1086.png 1536w, http:\/\/nasze-projekty.pl\/wp-content\/uploads\/2023\/05\/6.png 2000w\" sizes=\"(max-width: 1024px) 100vw, 1024px\" \/><\/figure>\n\n\n\n<p class=\"has-medium-font-size\">Poni\u017cej zamieszczamy ulotk\u0119 w formie pdf do pobrania.<\/p>\n\n\n\n<div data-wp-interactive=\"core\/file\" class=\"wp-block-file\"><object data-wp-bind--hidden=\"!state.hasPdfPreview\" hidden class=\"wp-block-file__embed\" data=\"https:\/\/nasze-projekty.pl\/wp-content\/uploads\/2023\/05\/04.05.2023-SP-Bakow.-Szymon-Szafarowicz-Adrian-Gajek-Marcel-Liwarski-Patryk-Rolinski-Kacper-Kunikowski-Mateusz-Wegrzynowski.pdf\" type=\"application\/pdf\" style=\"width:100%;height:200px\" aria-label=\"Osadzone z ulotkamaurzyce.\"><\/object><a id=\"wp-block-file--media-e7da8d0d-2f51-443e-808f-bb46198ecf51\" href=\"https:\/\/nasze-projekty.pl\/wp-content\/uploads\/2023\/05\/04.05.2023-SP-Bakow.-Szymon-Szafarowicz-Adrian-Gajek-Marcel-Liwarski-Patryk-Rolinski-Kacper-Kunikowski-Mateusz-Wegrzynowski.pdf\">ulotkamaurzyce<\/a><a href=\"https:\/\/nasze-projekty.pl\/wp-content\/uploads\/2023\/05\/04.05.2023-SP-Bakow.-Szymon-Szafarowicz-Adrian-Gajek-Marcel-Liwarski-Patryk-Rolinski-Kacper-Kunikowski-Mateusz-Wegrzynowski.pdf\" class=\"wp-block-file__button wp-element-button\" download aria-describedby=\"wp-block-file--media-e7da8d0d-2f51-443e-808f-bb46198ecf51\">Pobierz<\/a><\/div>\n","protected":false},"excerpt":{"rendered":"<p>Skansen jest plac\u00f3wk\u0105\u00a0Muzeum w \u0141owiczu, ekspozycj\u0105 etnograficzna w Maurzycach, wsi\u00a0po\u0142o\u017conej w wojew\u00f3dztwie \u0142\u00f3dzkim, w\u00a0powiecie \u0142owickim, w\u00a0gminie Zduny. W skansenie prezentowane s\u0105 budynki dawnej wsi \u0142owickiej, w dw\u00f3ch uk\u0142adach przestrzennych.<\/p>\n","protected":false},"author":3,"featured_media":169,"comment_status":"closed","ping_status":"open","sticky":false,"template":"elementor_canvas","format":"standard","meta":{"footnotes":""},"categories":[1],"tags":[],"class_list":["post-26","post","type-post","status-publish","format-standard","has-post-thumbnail","hentry","category-kultura-i-folklor"],"_links":{"self":[{"href":"http:\/\/nasze-projekty.pl\/index.php?rest_route=\/wp\/v2\/posts\/26","targetHints":{"allow":["GET"]}}],"collection":[{"href":"http:\/\/nasze-projekty.pl\/index.php?rest_route=\/wp\/v2\/posts"}],"about":[{"href":"http:\/\/nasze-projekty.pl\/index.php?rest_route=\/wp\/v2\/types\/post"}],"author":[{"embeddable":true,"href":"http:\/\/nasze-projekty.pl\/index.php?rest_route=\/wp\/v2\/users\/3"}],"replies":[{"embeddable":true,"href":"http:\/\/nasze-projekty.pl\/index.php?rest_route=%2Fwp%2Fv2%2Fcomments&post=26"}],"version-history":[{"count":7,"href":"http:\/\/nasze-projekty.pl\/index.php?rest_route=\/wp\/v2\/posts\/26\/revisions"}],"predecessor-version":[{"id":288,"href":"http:\/\/nasze-projekty.pl\/index.php?rest_route=\/wp\/v2\/posts\/26\/revisions\/288"}],"wp:featuredmedia":[{"embeddable":true,"href":"http:\/\/nasze-projekty.pl\/index.php?rest_route=\/wp\/v2\/media\/169"}],"wp:attachment":[{"href":"http:\/\/nasze-projekty.pl\/index.php?rest_route=%2Fwp%2Fv2%2Fmedia&parent=26"}],"wp:term":[{"taxonomy":"category","embeddable":true,"href":"http:\/\/nasze-projekty.pl\/index.php?rest_route=%2Fwp%2Fv2%2Fcategories&post=26"},{"taxonomy":"post_tag","embeddable":true,"href":"http:\/\/nasze-projekty.pl\/index.php?rest_route=%2Fwp%2Fv2%2Ftags&post=26"}],"curies":[{"name":"wp","href":"https:\/\/api.w.org\/{rel}","templated":true}]}}