{"id":111,"date":"2023-05-09T13:01:17","date_gmt":"2023-05-09T11:01:17","guid":{"rendered":"https:\/\/nasze-projekty.pl\/?p=111"},"modified":"2023-06-23T16:29:31","modified_gmt":"2023-06-23T14:29:31","slug":"palac-w-walewicach","status":"publish","type":"post","link":"http:\/\/nasze-projekty.pl\/?p=111","title":{"rendered":"Pa\u0142ac w Walewicach"},"content":{"rendered":"\n<p class=\"has-text-align-center has-medium-font-size\"><strong>Pa\u0142ac w Walewicach<\/strong><\/p>\n\n\n\n<p class=\"has-medium-font-size\">Pa\u0142ac zaliczany jest do najciekawszych przyk\u0142ad\u00f3w klasycystycznych siedzib wiejskich w&nbsp;Polsce, zbudowanych u schy\u0142ku XVIII w. Frontem zwr\u00f3cony jest na wsch\u00f3d. Sk\u0142ada si\u0119 z pi\u0119trowego, prostok\u0105tnego korpusu g\u0142\u00f3wnego i pi\u0119trowych pawilon\u00f3w bocznych wzniesionych r\u00f3wnie\u017c na planie prostok\u0105ta, po\u0142\u0105czonych z bry\u0142\u0105 g\u0142\u00f3wn\u0105 galeriami komunikacyjnymi za\u0142amanymi pod k\u0105tem prostym. Za\u0142o\u017cenie bazuje na stylu&nbsp;<a href=\"https:\/\/pl.wikipedia.org\/wiki\/Palladianizm\">palladia\u0144skim<\/a>, bardzo popularnym w Polsce w drugiej po\u0142owie XVIII i pierwszej XIX w.<\/p>\n\n\n\n<p class=\"has-medium-font-size\">Informacje o pa\u0142acu w j\u0119zyku polskim:<\/p>\n\n\n\n<figure class=\"wp-block-image size-large\"><img fetchpriority=\"high\" decoding=\"async\" width=\"1024\" height=\"724\" src=\"https:\/\/nasze-projekty.pl\/wp-content\/uploads\/2023\/05\/1-12-1024x724.png\" alt=\"\" class=\"wp-image-139\" srcset=\"http:\/\/nasze-projekty.pl\/wp-content\/uploads\/2023\/05\/1-12-1024x724.png 1024w, http:\/\/nasze-projekty.pl\/wp-content\/uploads\/2023\/05\/1-12-300x212.png 300w, http:\/\/nasze-projekty.pl\/wp-content\/uploads\/2023\/05\/1-12-768x543.png 768w, http:\/\/nasze-projekty.pl\/wp-content\/uploads\/2023\/05\/1-12-1536x1086.png 1536w, http:\/\/nasze-projekty.pl\/wp-content\/uploads\/2023\/05\/1-12.png 2000w\" sizes=\"(max-width: 1024px) 100vw, 1024px\" \/><\/figure>\n\n\n\n<p class=\"has-medium-font-size\">Kr\u00f3tkie oprowadzenie po pa\u0142acu w j\u0119zyku polskim:<\/p>\n\n\n\n<figure class=\"wp-block-image size-large\"><img decoding=\"async\" width=\"1024\" height=\"724\" src=\"https:\/\/nasze-projekty.pl\/wp-content\/uploads\/2023\/05\/2-9-1024x724.png\" alt=\"\" class=\"wp-image-140\" srcset=\"http:\/\/nasze-projekty.pl\/wp-content\/uploads\/2023\/05\/2-9-1024x724.png 1024w, http:\/\/nasze-projekty.pl\/wp-content\/uploads\/2023\/05\/2-9-300x212.png 300w, http:\/\/nasze-projekty.pl\/wp-content\/uploads\/2023\/05\/2-9-768x543.png 768w, http:\/\/nasze-projekty.pl\/wp-content\/uploads\/2023\/05\/2-9-1536x1086.png 1536w, http:\/\/nasze-projekty.pl\/wp-content\/uploads\/2023\/05\/2-9.png 2000w\" sizes=\"(max-width: 1024px) 100vw, 1024px\" \/><\/figure>\n\n\n\n<p class=\"has-medium-font-size\">Informacje o pa\u0142acu w j\u0119zyku greckim:<\/p>\n\n\n\n<figure class=\"wp-block-image size-large\"><img decoding=\"async\" width=\"1024\" height=\"724\" src=\"https:\/\/nasze-projekty.pl\/wp-content\/uploads\/2023\/05\/3-4-1024x724.png\" alt=\"\" class=\"wp-image-141\" srcset=\"http:\/\/nasze-projekty.pl\/wp-content\/uploads\/2023\/05\/3-4-1024x724.png 1024w, http:\/\/nasze-projekty.pl\/wp-content\/uploads\/2023\/05\/3-4-300x212.png 300w, http:\/\/nasze-projekty.pl\/wp-content\/uploads\/2023\/05\/3-4-768x543.png 768w, http:\/\/nasze-projekty.pl\/wp-content\/uploads\/2023\/05\/3-4-1536x1086.png 1536w, http:\/\/nasze-projekty.pl\/wp-content\/uploads\/2023\/05\/3-4.png 2000w\" sizes=\"(max-width: 1024px) 100vw, 1024px\" \/><\/figure>\n\n\n\n<p class=\"has-medium-font-size\">Kr\u00f3tkie oprowadzenie po pa\u0142acu w j\u0119zyku greckim.<\/p>\n\n\n\n<figure class=\"wp-block-image size-large\"><img loading=\"lazy\" decoding=\"async\" width=\"1024\" height=\"724\" src=\"https:\/\/nasze-projekty.pl\/wp-content\/uploads\/2023\/05\/4-4-1024x724.png\" alt=\"\" class=\"wp-image-142\" srcset=\"http:\/\/nasze-projekty.pl\/wp-content\/uploads\/2023\/05\/4-4-1024x724.png 1024w, http:\/\/nasze-projekty.pl\/wp-content\/uploads\/2023\/05\/4-4-300x212.png 300w, http:\/\/nasze-projekty.pl\/wp-content\/uploads\/2023\/05\/4-4-768x543.png 768w, http:\/\/nasze-projekty.pl\/wp-content\/uploads\/2023\/05\/4-4-1536x1086.png 1536w, http:\/\/nasze-projekty.pl\/wp-content\/uploads\/2023\/05\/4-4.png 2000w\" sizes=\"(max-width: 1024px) 100vw, 1024px\" \/><\/figure>\n\n\n\n<p class=\"has-medium-font-size\">Informacje o pa\u0142acu w j\u0119zyku angielskim:<\/p>\n\n\n\n<figure class=\"wp-block-image size-large\"><img loading=\"lazy\" decoding=\"async\" width=\"1024\" height=\"724\" src=\"https:\/\/nasze-projekty.pl\/wp-content\/uploads\/2023\/05\/5-4-1024x724.png\" alt=\"\" class=\"wp-image-143\" srcset=\"http:\/\/nasze-projekty.pl\/wp-content\/uploads\/2023\/05\/5-4-1024x724.png 1024w, http:\/\/nasze-projekty.pl\/wp-content\/uploads\/2023\/05\/5-4-300x212.png 300w, http:\/\/nasze-projekty.pl\/wp-content\/uploads\/2023\/05\/5-4-768x543.png 768w, http:\/\/nasze-projekty.pl\/wp-content\/uploads\/2023\/05\/5-4-1536x1086.png 1536w, http:\/\/nasze-projekty.pl\/wp-content\/uploads\/2023\/05\/5-4.png 2000w\" sizes=\"(max-width: 1024px) 100vw, 1024px\" \/><\/figure>\n\n\n\n<p class=\"has-medium-font-size\">Kr\u00f3tkie oprowadzenie po pa\u0142acu w j\u0119zyku angielskim.<\/p>\n\n\n\n<figure class=\"wp-block-image size-large\"><img loading=\"lazy\" decoding=\"async\" width=\"1024\" height=\"724\" src=\"https:\/\/nasze-projekty.pl\/wp-content\/uploads\/2023\/05\/6-8-1024x724.png\" alt=\"\" class=\"wp-image-144\" srcset=\"http:\/\/nasze-projekty.pl\/wp-content\/uploads\/2023\/05\/6-8-1024x724.png 1024w, http:\/\/nasze-projekty.pl\/wp-content\/uploads\/2023\/05\/6-8-300x212.png 300w, http:\/\/nasze-projekty.pl\/wp-content\/uploads\/2023\/05\/6-8-768x543.png 768w, http:\/\/nasze-projekty.pl\/wp-content\/uploads\/2023\/05\/6-8-1536x1086.png 1536w, http:\/\/nasze-projekty.pl\/wp-content\/uploads\/2023\/05\/6-8.png 2000w\" sizes=\"(max-width: 1024px) 100vw, 1024px\" \/><\/figure>\n\n\n\n<p class=\"has-medium-font-size\">Poni\u017cej ulotka w pliku pdf do pobrania.<\/p>\n\n\n\n<div data-wp-interactive=\"core\/file\" class=\"wp-block-file\"><object data-wp-bind--hidden=\"!state.hasPdfPreview\" hidden class=\"wp-block-file__embed\" data=\"https:\/\/nasze-projekty.pl\/wp-content\/uploads\/2023\/05\/04.05.2023-SP-Bakow.-Szymon-Szafarowicz-Adrian-Gajek-Marcel-Liwarski-Patryk-Rolinski-Kacper-Kunikowski-Mateusz-Wegrzynowski.-2-1.pdf\" type=\"application\/pdf\" style=\"width:100%;height:600px\" aria-label=\"Osadzone z 04.05.2023-SP-Bakow.-Szymon-Szafarowicz-Adrian-Gajek-Marcel-Liwarski-Patryk-Rolinski-Kacper-Kunikowski-Mateusz-Wegrzynowski.-2-1.\"><\/object><a id=\"wp-block-file--media-df87b41c-bb37-44e6-910a-7ccbb1d1372b\" href=\"https:\/\/nasze-projekty.pl\/wp-content\/uploads\/2023\/05\/04.05.2023-SP-Bakow.-Szymon-Szafarowicz-Adrian-Gajek-Marcel-Liwarski-Patryk-Rolinski-Kacper-Kunikowski-Mateusz-Wegrzynowski.-2-1.pdf\">04.05.2023-SP-Bakow.-Szymon-Szafarowicz-Adrian-Gajek-Marcel-Liwarski-Patryk-Rolinski-Kacper-Kunikowski-Mateusz-Wegrzynowski.-2-1<\/a><a href=\"https:\/\/nasze-projekty.pl\/wp-content\/uploads\/2023\/05\/04.05.2023-SP-Bakow.-Szymon-Szafarowicz-Adrian-Gajek-Marcel-Liwarski-Patryk-Rolinski-Kacper-Kunikowski-Mateusz-Wegrzynowski.-2-1.pdf\" class=\"wp-block-file__button wp-element-button\" download aria-describedby=\"wp-block-file--media-df87b41c-bb37-44e6-910a-7ccbb1d1372b\">Pobierz<\/a><\/div>\n","protected":false},"excerpt":{"rendered":"<p>Pa\u0142ac zaliczany jest do najciekawszych przyk\u0142ad\u00f3w klasycystycznych siedzib wiejskich w\u00a0Polsce, zbudowanych u schy\u0142ku XVIII w. Frontem zwr\u00f3cony jest na wsch\u00f3d. Sk\u0142ada si\u0119 z pi\u0119trowego, prostok\u0105tnego korpusu g\u0142\u00f3wnego i pi\u0119trowych pawilon\u00f3w bocznych wzniesionych r\u00f3wnie\u017c na planie prostok\u0105ta, po\u0142\u0105czonych z bry\u0142\u0105 g\u0142\u00f3wn\u0105 galeriami komunikacyjnymi za\u0142amanymi pod k\u0105tem prostym. Za\u0142o\u017cenie bazuje na stylu\u00a0palladia\u0144skim, bardzo popularnym w Polsce w drugiej po\u0142owie XVIII i pierwszej XIX w.<\/p>\n","protected":false},"author":3,"featured_media":163,"comment_status":"closed","ping_status":"closed","sticky":false,"template":"elementor_canvas","format":"standard","meta":{"footnotes":""},"categories":[1],"tags":[],"class_list":["post-111","post","type-post","status-publish","format-standard","has-post-thumbnail","hentry","category-kultura-i-folklor"],"_links":{"self":[{"href":"http:\/\/nasze-projekty.pl\/index.php?rest_route=\/wp\/v2\/posts\/111","targetHints":{"allow":["GET"]}}],"collection":[{"href":"http:\/\/nasze-projekty.pl\/index.php?rest_route=\/wp\/v2\/posts"}],"about":[{"href":"http:\/\/nasze-projekty.pl\/index.php?rest_route=\/wp\/v2\/types\/post"}],"author":[{"embeddable":true,"href":"http:\/\/nasze-projekty.pl\/index.php?rest_route=\/wp\/v2\/users\/3"}],"replies":[{"embeddable":true,"href":"http:\/\/nasze-projekty.pl\/index.php?rest_route=%2Fwp%2Fv2%2Fcomments&post=111"}],"version-history":[{"count":7,"href":"http:\/\/nasze-projekty.pl\/index.php?rest_route=\/wp\/v2\/posts\/111\/revisions"}],"predecessor-version":[{"id":278,"href":"http:\/\/nasze-projekty.pl\/index.php?rest_route=\/wp\/v2\/posts\/111\/revisions\/278"}],"wp:featuredmedia":[{"embeddable":true,"href":"http:\/\/nasze-projekty.pl\/index.php?rest_route=\/wp\/v2\/media\/163"}],"wp:attachment":[{"href":"http:\/\/nasze-projekty.pl\/index.php?rest_route=%2Fwp%2Fv2%2Fmedia&parent=111"}],"wp:term":[{"taxonomy":"category","embeddable":true,"href":"http:\/\/nasze-projekty.pl\/index.php?rest_route=%2Fwp%2Fv2%2Fcategories&post=111"},{"taxonomy":"post_tag","embeddable":true,"href":"http:\/\/nasze-projekty.pl\/index.php?rest_route=%2Fwp%2Fv2%2Ftags&post=111"}],"curies":[{"name":"wp","href":"https:\/\/api.w.org\/{rel}","templated":true}]}}