{"id":1,"count":12,"description":"19 czerwca 2023 r. podsumowali\u015bmy projekt, kt\u00f3ry by\u0142 realizowany przez 20 uczni\u00f3w naszej szko\u0142y (30.04-13.05.2023) pobytu w Grecji \u2013 pod nazw\u0105 \u201e Kultura i obyczaje narz\u0119dziem wzmacniania kompetencji kluczowych uczni\u00f3w Szko\u0142y Podstawowej w B\u0105kowie G\u00f3rnym\u201d\r\nnr 2021-1-PMU-4410","link":"http:\/\/nasze-projekty.pl\/?cat=1","name":"Kultura i folklor","slug":"kultura-i-folklor","taxonomy":"category","parent":0,"meta":[],"_links":{"self":[{"href":"http:\/\/nasze-projekty.pl\/index.php?rest_route=\/wp\/v2\/categories\/1","targetHints":{"allow":["GET"]}}],"collection":[{"href":"http:\/\/nasze-projekty.pl\/index.php?rest_route=\/wp\/v2\/categories"}],"about":[{"href":"http:\/\/nasze-projekty.pl\/index.php?rest_route=\/wp\/v2\/taxonomies\/category"}],"wp:post_type":[{"href":"http:\/\/nasze-projekty.pl\/index.php?rest_route=%2Fwp%2Fv2%2Fposts&categories=1"}],"curies":[{"name":"wp","href":"https:\/\/api.w.org\/{rel}","templated":true}]}}